{"id":66394,"date":"2025-08-27T08:06:46","date_gmt":"2025-08-27T14:06:46","guid":{"rendered":"https:\/\/themexicopost.com\/?p=66394"},"modified":"2025-08-27T08:06:50","modified_gmt":"2025-08-27T14:06:50","slug":"netanyahu-califica-de-accidente-el-asesinato-de-cinco-periodistas","status":"publish","type":"post","link":"https:\/\/themexicopost.com\/?p=66394","title":{"rendered":"Netanyahu califica de \u201caccidente\u201d el asesinato de cinco periodistas"},"content":{"rendered":"\n<figure class=\"wp-block-pullquote\"><blockquote><p>Las personas en el lugar corrieron a ayudar a los heridos y cargaron cuerpos al interior del complejo hospitalario.<\/p><\/blockquote><\/figure>\n\n\n\n<p class=\"has-drop-cap\">Cinco periodistas, incluidos reporteros que colaboraban para Al Jazeera, Reuters y AP, murieron el d\u00eda de ayer en un bombardeo de Israel contra un hospital en la Franja de Gaza que el primer ministro israel\u00ed, Benjamin Netanyahu, calific\u00f3 como un &#8220;accidente tr\u00e1gico&#8221;.<br><\/p>\n\n\n\n<p>La guerra en Gaza ha tenido un balance tr\u00e1gico para los periodistas y cerca de 200 reporteros han muerto en casi dos a\u00f1os de conflicto, seg\u00fan los datos del Comit\u00e9 para la Protecci\u00f3n de los Periodistas (CPJ) y Reporteros sin Fronteras (RSF).<br><\/p>\n\n\n\n<p>El portavoz de la Defensa Civil de Gaza, Mahmud Basal, report\u00f3 que 20 personas murieron en el ataque al Hospital Nasser en Jan Yunis, en el sur del territorio, entre ellos &#8220;cinco periodistas y un miembro de la Defensa Civil&#8221;.<br><\/p>\n\n\n\n<p>El ej\u00e9rcito israel\u00ed reconoci\u00f3 que lanz\u00f3 &#8220;un ataque en la zona del hospital Nasser&#8221; y orden\u00f3 una investigaci\u00f3n. El primer ministro israel\u00ed afirm\u00f3 que el bombardeo fue un &#8220;accidente tr\u00e1gico&#8221;.<br><\/p>\n\n\n\n<p>Las personas en el lugar corrieron a ayudar a los heridos y cargaron cuerpos ensangrentados y cercenados al interior del complejo hospitalario.<br><\/p>\n\n\n\n<p>En el lugar qued\u00f3 la c\u00e1mara de fotos ensangrentada de Mariam Dagga, una fotorreportera de 33 a\u00f1os, que colaboraba con la agencia The Associated Press (AP) desde el inicio de la guerra.<\/p>\n","protected":false},"excerpt":{"rendered":"<p>Las personas en el lugar corrieron a ayudar a los heridos y cargaron cuerpos al interior del complejo hospitalario. Cinco periodistas, incluidos reporteros que colaboraban para Al Jazeera, Reuters y AP, murieron el d\u00eda de ayer en un bombardeo de Israel contra un hospital en la Franja de Gaza que el primer ministro israel\u00ed, Benjamin [&hellip;]<\/p>\n","protected":false},"author":1,"featured_media":66395,"comment_status":"closed","ping_status":"closed","sticky":false,"template":"","format":"standard","meta":{"footnotes":""},"categories":[83,80],"tags":[],"class_list":["post-66394","post","type-post","status-publish","format-standard","has-post-thumbnail","hentry","category-destacado","category-mundo"],"_links":{"self":[{"href":"https:\/\/themexicopost.com\/index.php?rest_route=\/wp\/v2\/posts\/66394","targetHints":{"allow":["GET"]}}],"collection":[{"href":"https:\/\/themexicopost.com\/index.php?rest_route=\/wp\/v2\/posts"}],"about":[{"href":"https:\/\/themexicopost.com\/index.php?rest_route=\/wp\/v2\/types\/post"}],"author":[{"embeddable":true,"href":"https:\/\/themexicopost.com\/index.php?rest_route=\/wp\/v2\/users\/1"}],"replies":[{"embeddable":true,"href":"https:\/\/themexicopost.com\/index.php?rest_route=%2Fwp%2Fv2%2Fcomments&post=66394"}],"version-history":[{"count":1,"href":"https:\/\/themexicopost.com\/index.php?rest_route=\/wp\/v2\/posts\/66394\/revisions"}],"predecessor-version":[{"id":66396,"href":"https:\/\/themexicopost.com\/index.php?rest_route=\/wp\/v2\/posts\/66394\/revisions\/66396"}],"wp:featuredmedia":[{"embeddable":true,"href":"https:\/\/themexicopost.com\/index.php?rest_route=\/wp\/v2\/media\/66395"}],"wp:attachment":[{"href":"https:\/\/themexicopost.com\/index.php?rest_route=%2Fwp%2Fv2%2Fmedia&parent=66394"}],"wp:term":[{"taxonomy":"category","embeddable":true,"href":"https:\/\/themexicopost.com\/index.php?rest_route=%2Fwp%2Fv2%2Fcategories&post=66394"},{"taxonomy":"post_tag","embeddable":true,"href":"https:\/\/themexicopost.com\/index.php?rest_route=%2Fwp%2Fv2%2Ftags&post=66394"}],"curies":[{"name":"wp","href":"https:\/\/api.w.org\/{rel}","templated":true}]}}