{"id":66428,"date":"2025-08-28T07:45:54","date_gmt":"2025-08-28T13:45:54","guid":{"rendered":"https:\/\/themexicopost.com\/?p=66428"},"modified":"2025-08-28T07:45:56","modified_gmt":"2025-08-28T13:45:56","slug":"paul-mccartney-y-ringo-starr-diran-adios-a-los-escenarios-en-2026","status":"publish","type":"post","link":"https:\/\/themexicopost.com\/?p=66428","title":{"rendered":"Paul McCartney y Ringo Starr dir\u00e1n adi\u00f3s a los escenarios en 2026"},"content":{"rendered":"\n<figure class=\"wp-block-pullquote\"><blockquote><p>La gira los llevar\u00e1 por algunas de las ciudades m\u00e1s emblem\u00e1ticas del mundo.<\/p><\/blockquote><\/figure>\n\n\n\n<p class=\"has-drop-cap\">Como si el tiempo no debiera pasar, ha llegado el momento que los fans no quisieran, y es que los \u00faltimos miembros de la m\u00edtica banda londinense The Beatles han decidi\u00f3 unirse para un \u00faltimo viaje juntos y poner fin a su longeva carrera.<br><\/p>\n\n\n\n<p>Paul McCartney y Ringo Starr, los \u00faltimos miembros sobrevivientes de los Beatles, anunciaron con una mezcla de nostalgia y asombro: su gira 2026, titulada \u201cOne Last Ride\u201d, que comenzar\u00e1 con la canci\u00f3n que lo inici\u00f3 todo, \u201cLove Me Do\u201d, grabada por primera vez en 1962.<br><\/p>\n\n\n\n<p>Para los innumerables fans, esa primera nota ser\u00e1 m\u00e1s que m\u00fasica; ser\u00e1 una m\u00e1quina del tiempo. La arm\u00f3nica familiar, la voz c\u00e1lida y el ritmo constante son recordatorios de una \u00e9poca en la que cuatro j\u00f3venes de Liverpool cambiaron para siempre la m\u00fasica popular.<br><\/p>\n\n\n\n<p>Paul se\u00f1al\u00f3 que buscan empezar con el principio de todo, donde los fans podr\u00e1n disfrutar de un bello viaje con ellos, hasta ahora donde con la \u00faltima nota, podr\u00e1n despedirse y decir adi\u00f3s.<br><\/p>\n\n\n\n<p>La gira los llevar\u00e1 por algunas de las ciudades m\u00e1s emblem\u00e1ticas del mundo \u2014Londres, Nueva York, Tokio, S\u00eddney\u2014 mezclando cl\u00e1sicos de los Beatles, \u00e9xitos en solitario y algunas sorpresas que se niegan a revelar.<br><\/p>\n\n\n\n<p>En estas noches los fans cantar\u00e1n junto a \u201cHey Jude\u201d, \u201cLet It Be\u201d y \u201cYellow Submarine\u201d, son embargo la mayor expectativa gira en torno a lo que ocurrir\u00e1 en la \u00faltima noche del tour.<br><\/p>\n\n\n\n<p>Al ser preguntado directamente, Ringo solo sonri\u00f3: \u201cHay algo que nunca le hemos contado a nadie. Lo descubrir\u00e1s al final. Han pasado 60 a\u00f1os\u2026 es hora\u201d.<br><\/p>\n\n\n\n<p>Este cr\u00edptico comentario ha desatado la emoci\u00f3n del mundo de la m\u00fasica, se habla de posiblemente una nueva y \u00faltima canci\u00f3n de los dos \u00faltimos integrantes de la banda londinense.<br><\/p>\n\n\n\n<p>Para quienes crecieron con su m\u00fasica, puede ser la \u00faltima oportunidad de ver a McCartney y Starr en el escenario. Y para quienes son demasiado j\u00f3venes para haber presenciado a los Beatles en su mejor momento, \u201cOne Last Ride\u201d ofrece un vistazo a un legado que ha marcado generaciones.<br><\/p>\n\n\n\n<p>Cada show promete una atm\u00f3sfera \u00fanica: no solo un concierto, sino una celebraci\u00f3n de amistad, supervivencia y del poder eterno de la m\u00fasica para unir a las personas a trav\u00e9s del tiempo y el espacio.<\/p>\n","protected":false},"excerpt":{"rendered":"<p>La gira los llevar\u00e1 por algunas de las ciudades m\u00e1s emblem\u00e1ticas del mundo. Como si el tiempo no debiera pasar, ha llegado el momento que los fans no quisieran, y es que los \u00faltimos miembros de la m\u00edtica banda londinense The Beatles han decidi\u00f3 unirse para un \u00faltimo viaje juntos y poner fin a su [&hellip;]<\/p>\n","protected":false},"author":1,"featured_media":66429,"comment_status":"closed","ping_status":"closed","sticky":false,"template":"","format":"standard","meta":{"footnotes":""},"categories":[78],"tags":[],"class_list":["post-66428","post","type-post","status-publish","format-standard","has-post-thumbnail","hentry","category-espectaculos"],"_links":{"self":[{"href":"https:\/\/themexicopost.com\/index.php?rest_route=\/wp\/v2\/posts\/66428","targetHints":{"allow":["GET"]}}],"collection":[{"href":"https:\/\/themexicopost.com\/index.php?rest_route=\/wp\/v2\/posts"}],"about":[{"href":"https:\/\/themexicopost.com\/index.php?rest_route=\/wp\/v2\/types\/post"}],"author":[{"embeddable":true,"href":"https:\/\/themexicopost.com\/index.php?rest_route=\/wp\/v2\/users\/1"}],"replies":[{"embeddable":true,"href":"https:\/\/themexicopost.com\/index.php?rest_route=%2Fwp%2Fv2%2Fcomments&post=66428"}],"version-history":[{"count":1,"href":"https:\/\/themexicopost.com\/index.php?rest_route=\/wp\/v2\/posts\/66428\/revisions"}],"predecessor-version":[{"id":66430,"href":"https:\/\/themexicopost.com\/index.php?rest_route=\/wp\/v2\/posts\/66428\/revisions\/66430"}],"wp:featuredmedia":[{"embeddable":true,"href":"https:\/\/themexicopost.com\/index.php?rest_route=\/wp\/v2\/media\/66429"}],"wp:attachment":[{"href":"https:\/\/themexicopost.com\/index.php?rest_route=%2Fwp%2Fv2%2Fmedia&parent=66428"}],"wp:term":[{"taxonomy":"category","embeddable":true,"href":"https:\/\/themexicopost.com\/index.php?rest_route=%2Fwp%2Fv2%2Fcategories&post=66428"},{"taxonomy":"post_tag","embeddable":true,"href":"https:\/\/themexicopost.com\/index.php?rest_route=%2Fwp%2Fv2%2Ftags&post=66428"}],"curies":[{"name":"wp","href":"https:\/\/api.w.org\/{rel}","templated":true}]}}