{"id":66488,"date":"2025-08-28T08:10:48","date_gmt":"2025-08-28T14:10:48","guid":{"rendered":"https:\/\/themexicopost.com\/?p=66488"},"modified":"2025-08-28T08:10:53","modified_gmt":"2025-08-28T14:10:53","slug":"tiroteo-en-iglesia-de-minneapolis-deja-como-saldo-2-menores-muertos-y-17-heridos","status":"publish","type":"post","link":"https:\/\/themexicopost.com\/?p=66488","title":{"rendered":"Tiroteo en iglesia de Minneapolis deja como saldo 2 menores muertos y 17 heridos"},"content":{"rendered":"\n<figure class=\"wp-block-pullquote\"><blockquote><p>-El tirador fue neutralizado por la polic\u00eda y &#8220;no hay amenaza activa para la comunidad&#8221;, indicaron las autoridades municipales.<\/p><\/blockquote><\/figure>\n\n\n\n<p class=\"has-drop-cap\">Informaron agentes de polic\u00eda de la ciudad de Minneapolis que respondieron a un incidente armado con m\u00faltiples v\u00edctimas en una escuela cat\u00f3lica de la ciudad. El atacante se habr\u00eda suicidado poco despu\u00e9s de un tiro, seg\u00fan indicaron fuentes policiales a la cadena ABC.<br><\/p>\n\n\n\n<p>Al menos dos personas perdieron la vida y otras veinte fueron enviadas a centros asistenciales por m\u00faltiples heridas.<br><\/p>\n\n\n\n<p>La polic\u00eda local confirm\u00f3 que las dos v\u00edctimas fatales fueron menores de edad, uno de ocho y otro de diez a\u00f1os.<br><\/p>\n\n\n\n<p>\u201cDos ni\u00f1os peque\u00f1os, de ocho y diez a\u00f1os, fueron asesinados en los pupitres donde estaban sentados. Sus padres ya han sido notificados. Otras 17 personas resultaron heridas, 14 de ellas ni\u00f1os. Dos de esos ni\u00f1os est\u00e1n en estado cr\u00edtico\u201d, explic\u00f3 el jefe de polic\u00eda de Minneapolis, Brian O\u2019Hara, en una rueda de prensa.<br><\/p>\n\n\n\n<p>A\u00fan se desconoce la identidad de las dos v\u00edctimas mortales del ataque ocurrido en la escuela cat\u00f3lica Annunciation, pero ambas fueron confirmadas por medios estadounidenses como ABC y Fox News.<br><\/p>\n\n\n\n<p>El tiroteo ocurri\u00f3 durante la entrada matutina de ni\u00f1os a la Escuela Cat\u00f3lica Annunciation en Minneapolis, seg\u00fan el citado medio.<br><\/p>\n\n\n\n<p>Seg\u00fan explic\u00f3 O\u2019Hara, durante la misa como parte del inicio del curso escolar, un hombre armado se aproxim\u00f3 por la parte exterior, al costado del edificio, y comenz\u00f3 a disparar con un rifle a trav\u00e9s de las ventanas de la iglesia hacia los ni\u00f1os que estaban sentados en los bancos.<br><\/p>\n\n\n\n<p>\u201cEl agresor\u201d, dijo, \u201cestaba armado con un rifle, una escopeta y una pistola\u201c: \u201cCreemos que utiliz\u00f3 las tres\u201d, a\u00f1adi\u00f3.<br><\/p>\n\n\n\n<p>El gobernador de Minnesota, Tim Walz, dijo que est\u00e1 \u201corando por nuestros ni\u00f1os y maestros cuya primera semana de clases se vio empa\u00f1ada por este horrible acto de violencia\u201d, escribi\u00f3 en su cuenta de X.<br><\/p>\n\n\n\n<p>Minutos despu\u00e9s del incidente, el presidente, Donald Trump, dijo haber sido informado de lo ocurrido y asegur\u00f3 que el FBI respondi\u00f3 r\u00e1pidamente y est\u00e1 presente en el lugar.<br><\/p>\n\n\n\n<p>Las autoridades identificaron al tirador de la escuela cat\u00f3lica de la Anunciaci\u00f3n en Minneapolis, donde murieron dos ni\u00f1os. Se trata de Robin Westman, quien public\u00f3 un manifiesto en su cuenta de YouTube horas antes del ataque, donde mostraba un gran arsenal y advert\u00eda que podr\u00eda asaltar una iglesia durante una misa. Westman public\u00f3 un video de 11 minutos en el que advert\u00eda que pod\u00eda atacar la escuela.<br><\/p>\n\n\n\n<p>Asimismo, public\u00f3 anteriormente diversos videos en los que mostraba cargadores de armas largas con mensajes escritos contra el presidente Donald Trump o hac\u00eda referencias a sujetos que cometieron cr\u00edmenes similares en Estados Unidos, seg\u00fan el jefe de la polic\u00eda de Minneapolis, Brian O\u2019Hara.<br><\/p>\n\n\n\n<p>El director del Bur\u00f3 Federal de Investigaciones (FBI), Kash Patel, confirm\u00f3 que Westman, de 22 a\u00f1os, es el responsable de haber disparado tres tipos de armas diferentes durante una misa de principio de curso en la escuela de la Anunciaci\u00f3n y que posteriormente se quit\u00f3 la vida tras asesinar a dos ni\u00f1os y herir a otros 17.<\/p>\n","protected":false},"excerpt":{"rendered":"<p>-El tirador fue neutralizado por la polic\u00eda y &#8220;no hay amenaza activa para la comunidad&#8221;, indicaron las autoridades municipales. Informaron agentes de polic\u00eda de la ciudad de Minneapolis que respondieron a un incidente armado con m\u00faltiples v\u00edctimas en una escuela cat\u00f3lica de la ciudad. El atacante se habr\u00eda suicidado poco despu\u00e9s de un tiro, seg\u00fan [&hellip;]<\/p>\n","protected":false},"author":1,"featured_media":66489,"comment_status":"closed","ping_status":"closed","sticky":false,"template":"","format":"standard","meta":{"footnotes":""},"categories":[83,80],"tags":[],"class_list":["post-66488","post","type-post","status-publish","format-standard","has-post-thumbnail","hentry","category-destacado","category-mundo"],"_links":{"self":[{"href":"https:\/\/themexicopost.com\/index.php?rest_route=\/wp\/v2\/posts\/66488","targetHints":{"allow":["GET"]}}],"collection":[{"href":"https:\/\/themexicopost.com\/index.php?rest_route=\/wp\/v2\/posts"}],"about":[{"href":"https:\/\/themexicopost.com\/index.php?rest_route=\/wp\/v2\/types\/post"}],"author":[{"embeddable":true,"href":"https:\/\/themexicopost.com\/index.php?rest_route=\/wp\/v2\/users\/1"}],"replies":[{"embeddable":true,"href":"https:\/\/themexicopost.com\/index.php?rest_route=%2Fwp%2Fv2%2Fcomments&post=66488"}],"version-history":[{"count":1,"href":"https:\/\/themexicopost.com\/index.php?rest_route=\/wp\/v2\/posts\/66488\/revisions"}],"predecessor-version":[{"id":66490,"href":"https:\/\/themexicopost.com\/index.php?rest_route=\/wp\/v2\/posts\/66488\/revisions\/66490"}],"wp:featuredmedia":[{"embeddable":true,"href":"https:\/\/themexicopost.com\/index.php?rest_route=\/wp\/v2\/media\/66489"}],"wp:attachment":[{"href":"https:\/\/themexicopost.com\/index.php?rest_route=%2Fwp%2Fv2%2Fmedia&parent=66488"}],"wp:term":[{"taxonomy":"category","embeddable":true,"href":"https:\/\/themexicopost.com\/index.php?rest_route=%2Fwp%2Fv2%2Fcategories&post=66488"},{"taxonomy":"post_tag","embeddable":true,"href":"https:\/\/themexicopost.com\/index.php?rest_route=%2Fwp%2Fv2%2Ftags&post=66488"}],"curies":[{"name":"wp","href":"https:\/\/api.w.org\/{rel}","templated":true}]}}