{"id":66562,"date":"2025-08-29T08:17:43","date_gmt":"2025-08-29T14:17:43","guid":{"rendered":"https:\/\/themexicopost.com\/?p=66562"},"modified":"2025-08-29T08:17:49","modified_gmt":"2025-08-29T14:17:49","slug":"imparable-crece-sin-control-epidemia-de-tiroteos-en-eua","status":"publish","type":"post","link":"https:\/\/themexicopost.com\/?p=66562","title":{"rendered":"Imparable; crece sin control epidemia de tiroteos en EUA"},"content":{"rendered":"\n<figure class=\"wp-block-pullquote\"><blockquote><p>En el \u00faltimo tiroteo, perdieron la vida dos ni\u00f1os y otras 17 personas resultaron heridas tras el ataque en una iglesia.<\/p><\/blockquote><\/figure>\n\n\n\n<p class=\"has-drop-cap\">A mitad de semana se present\u00f3 un terrible suceso en Minneapolis agresor de 23 a\u00f1os, vestido de negro, dispar\u00f3 a trav\u00e9s de las ventanas contra unos estudiantes estaban sentados en los bancos y otros que entraban en la iglesia, tras estos actos, el tirador se suicid\u00f3, seg\u00fan las autoridades. De manera lamentable dos estudiantes, de 8 y 10 a\u00f1os, fueron declarados muertos en el lugar.<br><\/p>\n\n\n\n<p>El jefe de la polic\u00eda de Mine\u00e1polis, Brian O&#8221;Hara, se\u00f1al\u00f3 que este acto fue un acto deliberado de violencia contra ni\u00f1os inocentes y otras personas que estaban celebrando el culto. La crueldad y cobard\u00eda de disparar contra una iglesia llena de ni\u00f1os es absolutamente incomprensible.<br><\/p>\n\n\n\n<p>Los ni\u00f1os se encontraban celebrando la primera semana del a\u00f1o escolar cuando les dispararon en la iglesia de la Anunciaci\u00f3n.<br><\/p>\n\n\n\n<p>El alcalde de Mine\u00e1polis, Jacob Frey, precis\u00f3 que el incidente no deber\u00eda usarse como excusa para perseguir a otras personas transg\u00e9nero. &#8220;Cualquiera que est\u00e9 utilizando esto como una oportunidad para demonizar a nuestra comunidad trans ha perdido su sentido com\u00fan de humanidad&#8221;, dijo en una conferencia de prensa.<br><\/p>\n\n\n\n<p>Este tiroteo fue uno de los primeros indicios de que la epidemia de violencia armada en las escuelas de Estados Unidos en los \u00faltimos a\u00f1os no ha remitido.<br><\/p>\n\n\n\n<p>Adem\u00e1s muestra la dificultad que enfrentan las autoridades para detener este tipo de ataques, a pesar de que a lo largo de los a\u00f1os se han desarrollado nuevas tecnolog\u00edas, t\u00e9cnicas de detecci\u00f3n y protocolos policiales para evitar que se repitan.<br><\/p>\n\n\n\n<p>El tiroteo en la escuela cat\u00f3lica Anunciaci\u00f3n, una instituci\u00f3n primaria privada con unos 395 alumnos, fue el incidente n\u00famero 146 de este tipo en el pa\u00eds desde enero, seg\u00fan la base de datos de tiroteos en escuelas K-12.<br><\/p>\n\n\n\n<p>La constante sucesi\u00f3n de tiroteos ha dado lugar a nuevas medidas de seguridad y ha alimentado los actuales debates sobre la legislaci\u00f3n en materia de armas.<br><\/p>\n\n\n\n<p>Seg\u00fan las autoridades, el autor efectu\u00f3 decenas de disparos con un rifle, una escopeta y una pistola, todos adquiridos legalmente. Dijeron que hab\u00edan recuperado otras armas de fuego en otras residencias relacionadas con Westman.<br><\/p>\n\n\n\n<p>El director del FBI, Kash Patel, anunci\u00f3 que el caso estaba siendo investigado como un acto de terrorismo dom\u00e9stico y un delito de odio contra los cat\u00f3licos. Las fuerzas del orden dijeron que estaban examinando un manifiesto publicado en internet por Westman, que ya ha sido retirado.<\/p>\n","protected":false},"excerpt":{"rendered":"<p>En el \u00faltimo tiroteo, perdieron la vida dos ni\u00f1os y otras 17 personas resultaron heridas tras el ataque en una iglesia. A mitad de semana se present\u00f3 un terrible suceso en Minneapolis agresor de 23 a\u00f1os, vestido de negro, dispar\u00f3 a trav\u00e9s de las ventanas contra unos estudiantes estaban sentados en los bancos y otros [&hellip;]<\/p>\n","protected":false},"author":1,"featured_media":66563,"comment_status":"closed","ping_status":"closed","sticky":false,"template":"","format":"standard","meta":{"footnotes":""},"categories":[83,80],"tags":[],"class_list":["post-66562","post","type-post","status-publish","format-standard","has-post-thumbnail","hentry","category-destacado","category-mundo"],"_links":{"self":[{"href":"https:\/\/themexicopost.com\/index.php?rest_route=\/wp\/v2\/posts\/66562","targetHints":{"allow":["GET"]}}],"collection":[{"href":"https:\/\/themexicopost.com\/index.php?rest_route=\/wp\/v2\/posts"}],"about":[{"href":"https:\/\/themexicopost.com\/index.php?rest_route=\/wp\/v2\/types\/post"}],"author":[{"embeddable":true,"href":"https:\/\/themexicopost.com\/index.php?rest_route=\/wp\/v2\/users\/1"}],"replies":[{"embeddable":true,"href":"https:\/\/themexicopost.com\/index.php?rest_route=%2Fwp%2Fv2%2Fcomments&post=66562"}],"version-history":[{"count":1,"href":"https:\/\/themexicopost.com\/index.php?rest_route=\/wp\/v2\/posts\/66562\/revisions"}],"predecessor-version":[{"id":66564,"href":"https:\/\/themexicopost.com\/index.php?rest_route=\/wp\/v2\/posts\/66562\/revisions\/66564"}],"wp:featuredmedia":[{"embeddable":true,"href":"https:\/\/themexicopost.com\/index.php?rest_route=\/wp\/v2\/media\/66563"}],"wp:attachment":[{"href":"https:\/\/themexicopost.com\/index.php?rest_route=%2Fwp%2Fv2%2Fmedia&parent=66562"}],"wp:term":[{"taxonomy":"category","embeddable":true,"href":"https:\/\/themexicopost.com\/index.php?rest_route=%2Fwp%2Fv2%2Fcategories&post=66562"},{"taxonomy":"post_tag","embeddable":true,"href":"https:\/\/themexicopost.com\/index.php?rest_route=%2Fwp%2Fv2%2Ftags&post=66562"}],"curies":[{"name":"wp","href":"https:\/\/api.w.org\/{rel}","templated":true}]}}