{"id":66565,"date":"2025-08-29T08:19:03","date_gmt":"2025-08-29T14:19:03","guid":{"rendered":"https:\/\/themexicopost.com\/?p=66565"},"modified":"2025-08-29T08:19:07","modified_gmt":"2025-08-29T14:19:07","slug":"canada-e-india-nombran-nuevos-altos-comisionados-para-restablecer-relaciones","status":"publish","type":"post","link":"https:\/\/themexicopost.com\/?p=66565","title":{"rendered":"Canad\u00e1 e India nombran nuevos altos comisionados para restablecer relaciones"},"content":{"rendered":"\n<figure class=\"wp-block-pullquote\"><blockquote><p>Las relaciones entre Canad\u00e1 e India se han tensado desde que la polic\u00eda canadiense acus\u00f3 a Nueva Delhi de participar en el asesinato en junio de 2023 de un activista sij canadiense cerca de Vancouver.<\/p><\/blockquote><\/figure>\n\n\n\n<p class=\"has-drop-cap\">India y Canad\u00e1 nombraron nuevos altos comisionados para sus respectivas capitales, tras restablecer relaciones 10 meses despu\u00e9s de expulsar a los principales enviados en una disputa por un presunto asesinato pol\u00edtico.<br><\/p>\n\n\n\n<p>La ministra de Asuntos Exteriores, Anita Anand, anunci\u00f3 que Christopher Cooter ser\u00e1 el nuevo alto comisionado de Canad\u00e1 en India. El Ministerio de Asuntos Exteriores de India indic\u00f3 que asignar\u00e1 a su actual enviado a Espa\u00f1a, Dinesh Patnaik, a Ottawa pr\u00f3ximamente.<br><\/p>\n\n\n\n<p>Las relaciones entre Canad\u00e1 e India se han tensado desde que la polic\u00eda canadiense acus\u00f3 a Nueva Delhi de participar en el asesinato en junio de 2023 de un activista sij canadiense cerca de Vancouver. La polic\u00eda tambi\u00e9n ha descubierto evidencia de una intensificaci\u00f3n de la campa\u00f1a contra ciudadanos canadienses por parte de agentes del gobierno indio.<br><\/p>\n\n\n\n<p>Las relaciones mejoraron en junio cuando el primer ministro canadiense, Mark Carney, invit\u00f3 al primer ministro indio, Narendra Modi, a la cumbre del G7 en Alberta, y ambos pa\u00edses acordaron restituir a sus principales diplom\u00e1ticos.<br><\/p>\n\n\n\n<p>Canad\u00e1 no es el \u00fanico pa\u00eds que ha acusado a funcionarios indios de planear un asesinato en territorio extranjero. El Departamento de Justicia de Estados Unidos anunci\u00f3 el a\u00f1o pasado la presentaci\u00f3n de cargos penales contra un funcionario del gobierno indio en relaci\u00f3n con un supuesto complot frustrado para asesinar a un l\u00edder separatista sij residente en la ciudad de Nueva York.<br><\/p>\n\n\n\n<p>India ha criticado repetidamente a Canad\u00e1 por su indulgencia con los simpatizantes del movimiento Khalist\u00e1n que viven en Canad\u00e1. El movimiento Khalist\u00e1n est\u00e1 prohibido en India, pero cuenta con el apoyo de la di\u00e1spora sij, especialmente en Canad\u00e1. Alrededor del 2% de la poblaci\u00f3n canadiense es sij.<br><\/p>\n\n\n\n<p>Cooter asumir\u00e1 el cargo tras 35 a\u00f1os como diplom\u00e1tico, incluyendo puestos en Israel y Sud\u00e1frica, as\u00ed como en Nueva Delhi hace 25 a\u00f1os.<\/p>\n","protected":false},"excerpt":{"rendered":"<p>Las relaciones entre Canad\u00e1 e India se han tensado desde que la polic\u00eda canadiense acus\u00f3 a Nueva Delhi de participar en el asesinato en junio de 2023 de un activista sij canadiense cerca de Vancouver. India y Canad\u00e1 nombraron nuevos altos comisionados para sus respectivas capitales, tras restablecer relaciones 10 meses despu\u00e9s de expulsar a [&hellip;]<\/p>\n","protected":false},"author":1,"featured_media":66566,"comment_status":"closed","ping_status":"closed","sticky":false,"template":"","format":"standard","meta":{"footnotes":""},"categories":[80],"tags":[],"class_list":["post-66565","post","type-post","status-publish","format-standard","has-post-thumbnail","hentry","category-mundo"],"_links":{"self":[{"href":"https:\/\/themexicopost.com\/index.php?rest_route=\/wp\/v2\/posts\/66565","targetHints":{"allow":["GET"]}}],"collection":[{"href":"https:\/\/themexicopost.com\/index.php?rest_route=\/wp\/v2\/posts"}],"about":[{"href":"https:\/\/themexicopost.com\/index.php?rest_route=\/wp\/v2\/types\/post"}],"author":[{"embeddable":true,"href":"https:\/\/themexicopost.com\/index.php?rest_route=\/wp\/v2\/users\/1"}],"replies":[{"embeddable":true,"href":"https:\/\/themexicopost.com\/index.php?rest_route=%2Fwp%2Fv2%2Fcomments&post=66565"}],"version-history":[{"count":1,"href":"https:\/\/themexicopost.com\/index.php?rest_route=\/wp\/v2\/posts\/66565\/revisions"}],"predecessor-version":[{"id":66567,"href":"https:\/\/themexicopost.com\/index.php?rest_route=\/wp\/v2\/posts\/66565\/revisions\/66567"}],"wp:featuredmedia":[{"embeddable":true,"href":"https:\/\/themexicopost.com\/index.php?rest_route=\/wp\/v2\/media\/66566"}],"wp:attachment":[{"href":"https:\/\/themexicopost.com\/index.php?rest_route=%2Fwp%2Fv2%2Fmedia&parent=66565"}],"wp:term":[{"taxonomy":"category","embeddable":true,"href":"https:\/\/themexicopost.com\/index.php?rest_route=%2Fwp%2Fv2%2Fcategories&post=66565"},{"taxonomy":"post_tag","embeddable":true,"href":"https:\/\/themexicopost.com\/index.php?rest_route=%2Fwp%2Fv2%2Ftags&post=66565"}],"curies":[{"name":"wp","href":"https:\/\/api.w.org\/{rel}","templated":true}]}}