{"id":66753,"date":"2025-09-02T07:07:25","date_gmt":"2025-09-02T13:07:25","guid":{"rendered":"https:\/\/themexicopost.com\/?p=66753"},"modified":"2025-09-02T07:07:27","modified_gmt":"2025-09-02T13:07:27","slug":"se-eleva-a-900-el-numero-de-muertos-por-el-terremoto-en-afganistan","status":"publish","type":"post","link":"https:\/\/themexicopost.com\/?p=66753","title":{"rendered":"Se eleva a 900 el n\u00famero de muertos por el terremoto en Afganist\u00e1n"},"content":{"rendered":"\n<figure class=\"wp-block-pullquote\"><blockquote><p>El terremoto de magnitud 6,0 \u200b\u200bse produjo el domingo por la noche en una regi\u00f3n monta\u00f1osa, arrasando aldeas y dejando a la gente atrapada bajo los escombros.<\/p><\/blockquote><\/figure>\n\n\n\n<p class=\"has-drop-cap\">El n\u00famero de muertos por un fuerte terremoto en el este de Afganist\u00e1n aument\u00f3 a 900, con 3.000 personas heridas, dijo un funcionario mientras los equipos de rescate recorr\u00edan el \u00e1rea en busca de sobrevivientes.<br><\/p>\n\n\n\n<p>El terremoto de magnitud 6,0 \u200b\u200bse produjo el domingo por la noche en una regi\u00f3n monta\u00f1osa, arrasando aldeas y dejando a la gente atrapada bajo los escombros durante horas.<br><\/p>\n\n\n\n<p>&#8220;Los heridos est\u00e1n siendo evacuados, por lo que estas cifras pueden cambiar significativamente&#8221;, dijo Yousaf Hammad, portavoz de la Autoridad Nacional de Gesti\u00f3n de Desastres de Afganist\u00e1n. \u201cEl terremoto provoc\u00f3 deslizamientos de tierra en algunas zonas, bloqueando las carreteras, pero han sido reabiertas y el resto de las carreteras se reabrir\u00e1n para permitir el acceso a zonas de dif\u00edcil acceso\u201d.<\/p>\n","protected":false},"excerpt":{"rendered":"<p>El terremoto de magnitud 6,0 \u200b\u200bse produjo el domingo por la noche en una regi\u00f3n monta\u00f1osa, arrasando aldeas y dejando a la gente atrapada bajo los escombros. El n\u00famero de muertos por un fuerte terremoto en el este de Afganist\u00e1n aument\u00f3 a 900, con 3.000 personas heridas, dijo un funcionario mientras los equipos de rescate [&hellip;]<\/p>\n","protected":false},"author":1,"featured_media":66754,"comment_status":"closed","ping_status":"closed","sticky":false,"template":"","format":"standard","meta":{"footnotes":""},"categories":[80],"tags":[],"class_list":["post-66753","post","type-post","status-publish","format-standard","has-post-thumbnail","hentry","category-mundo"],"_links":{"self":[{"href":"https:\/\/themexicopost.com\/index.php?rest_route=\/wp\/v2\/posts\/66753","targetHints":{"allow":["GET"]}}],"collection":[{"href":"https:\/\/themexicopost.com\/index.php?rest_route=\/wp\/v2\/posts"}],"about":[{"href":"https:\/\/themexicopost.com\/index.php?rest_route=\/wp\/v2\/types\/post"}],"author":[{"embeddable":true,"href":"https:\/\/themexicopost.com\/index.php?rest_route=\/wp\/v2\/users\/1"}],"replies":[{"embeddable":true,"href":"https:\/\/themexicopost.com\/index.php?rest_route=%2Fwp%2Fv2%2Fcomments&post=66753"}],"version-history":[{"count":1,"href":"https:\/\/themexicopost.com\/index.php?rest_route=\/wp\/v2\/posts\/66753\/revisions"}],"predecessor-version":[{"id":66755,"href":"https:\/\/themexicopost.com\/index.php?rest_route=\/wp\/v2\/posts\/66753\/revisions\/66755"}],"wp:featuredmedia":[{"embeddable":true,"href":"https:\/\/themexicopost.com\/index.php?rest_route=\/wp\/v2\/media\/66754"}],"wp:attachment":[{"href":"https:\/\/themexicopost.com\/index.php?rest_route=%2Fwp%2Fv2%2Fmedia&parent=66753"}],"wp:term":[{"taxonomy":"category","embeddable":true,"href":"https:\/\/themexicopost.com\/index.php?rest_route=%2Fwp%2Fv2%2Fcategories&post=66753"},{"taxonomy":"post_tag","embeddable":true,"href":"https:\/\/themexicopost.com\/index.php?rest_route=%2Fwp%2Fv2%2Ftags&post=66753"}],"curies":[{"name":"wp","href":"https:\/\/api.w.org\/{rel}","templated":true}]}}