{"id":66759,"date":"2025-09-02T07:10:23","date_gmt":"2025-09-02T13:10:23","guid":{"rendered":"https:\/\/themexicopost.com\/?p=66759"},"modified":"2025-09-02T07:10:26","modified_gmt":"2025-09-02T13:10:26","slug":"por-falta-de-ninos-cierran-escuelas-en-grecia","status":"publish","type":"post","link":"https:\/\/themexicopost.com\/?p=66759","title":{"rendered":"Por falta de ni\u00f1os cierran escuelas en Grecia"},"content":{"rendered":"\n<figure class=\"wp-block-pullquote\"><blockquote><p>M\u00e1s de 700 centros de educaci\u00f3n preescolar p\u00fablicos no abrir\u00e1n sus puertas para el nuevo ciclo escolar.<\/p><\/blockquote><\/figure>\n\n\n\n<p class=\"has-drop-cap\">M\u00e1s de 700 escuelas y jardines de educaci\u00f3n preescolar p\u00fablicos de Grecia no abrir\u00e1n sus puertas este nuevo a\u00f1o escolar por el fuerte descenso del n\u00famero de alumnos, inform\u00f3 este lunes la prensa griega, citando datos del Ministerio de Educaci\u00f3n.<br><\/p>\n\n\n\n<p>De las casi 13.500 unidades escolares y preescolares operativas en Grecia el a\u00f1o escolar pasado, 714 no abrir\u00e1n este a\u00f1o escolar debido a la falta de ni\u00f1os, se\u00f1ala el diario Kathimerini.<br><\/p>\n\n\n\n<p>M\u00e1s de 4.500 escuelas y guarder\u00edas cerraron sus puertas en los \u00faltimos seis a\u00f1os, con tendencia al alza.<br><\/p>\n\n\n\n<p>El descenso m\u00e1s notable se registra en las escuelas primarias, en las que para este a\u00f1o se han matriculado unos 111.000 alumnos menos que en 2018.<br><\/p>\n\n\n\n<p>\u201cEl problema demogr\u00e1fico es aterrador, ya que lo experimentamos a\u00f1o tras a\u00f1o\u201d, se\u00f1al\u00f3 a la prensa Jristos Tsiamalos, un experto de la Secretar\u00eda General de Educaci\u00f3n Primaria, Secundaria y Especial del Ministerio de Educaci\u00f3n.<br><\/p>\n\n\n\n<p>Seg\u00fan Tsiamalos, cada a\u00f1o se pierde de promedio una clase entera de alumnos en cada escuela primaria, una disminuci\u00f3n de la poblaci\u00f3n estudiantil que comenzar\u00e1 pronto a afectar tambi\u00e9n a la educaci\u00f3n secundaria.<br><\/p>\n\n\n\n<p>Grecia tiene una de las tasas de fecundidad m\u00e1s bajas de la Uni\u00f3n Europea (UE), con apenas 1,3 nacimientos por mujer, muy por debajo del nivel de reemplazo de 2,1.<br><\/p>\n\n\n\n<p>Esto ha provocado una disminuci\u00f3n natural de la poblaci\u00f3n, con m\u00e1s muertes que nacimientos cada a\u00f1o.<br><\/p>\n\n\n\n<p>Seg\u00fan el informe \u2018Perspectivas de la Poblaci\u00f3n Mundial\u2019, publicado en 2024 por la ONU, la poblaci\u00f3n de Grecia caer\u00e1 un 15 % de aqu\u00ed al a\u00f1o 2050, hasta los 8,8 millones habitantes, frente a los 10,4 millones de habitantes en 2024.<br><\/p>\n\n\n\n<p>Mientras que entre 2011 y 2013 hubo 38.500 menos nacimientos que muertes, entre 2020 y 2022 esta diferencia alcanz\u00f3 los 170.000, seg\u00fan el Instituto de Estudios Demogr\u00e1ficos de Atenas.<br><\/p>\n\n\n\n<p>Seg\u00fan los expertos, el descenso de nacimientos no tiene que ver solo con el estilo de vida moderna sino tambi\u00e9n con la inseguridad econ\u00f3mica que vive la mayor\u00eda de griegos y la falta de una pol\u00edtica social que apoye con medidas concretas a las familias.<br><\/p>\n\n\n\n<p>Otro factor fue la grave crisis econ\u00f3mica que atraves\u00f3 el pa\u00eds entre 2008 y 2018 que provoc\u00f3 un \u00e9xodo masivo de j\u00f3venes en busca de mejores oportunidades en el extranjero, reduciendo m\u00e1s a\u00fan el n\u00famero de personas en la edad f\u00e9rtil.<br><\/p>\n\n\n\n<p>Los cierres de escuelas obligan a muchos estudiantes en zonas rurales a recorrer a diario largas distancias, en ciertos casos hasta 80 kil\u00f3metros, para acudir a una escuela, seg\u00fan Kathimerini.<br><\/p>\n\n\n\n<p>Seg\u00fan la ley griega, una escuela \u201cse suspende\u201d cuando no puede reunir al menos a 15 estudiantes y si despu\u00e9s de tres a\u00f1os no se re\u00fane de nuevo este n\u00famero m\u00ednimo, el centro se cierra de forma permanente.<\/p>\n","protected":false},"excerpt":{"rendered":"<p>M\u00e1s de 700 centros de educaci\u00f3n preescolar p\u00fablicos no abrir\u00e1n sus puertas para el nuevo ciclo escolar. M\u00e1s de 700 escuelas y jardines de educaci\u00f3n preescolar p\u00fablicos de Grecia no abrir\u00e1n sus puertas este nuevo a\u00f1o escolar por el fuerte descenso del n\u00famero de alumnos, inform\u00f3 este lunes la prensa griega, citando datos del Ministerio [&hellip;]<\/p>\n","protected":false},"author":1,"featured_media":66760,"comment_status":"closed","ping_status":"closed","sticky":false,"template":"","format":"standard","meta":{"footnotes":""},"categories":[80],"tags":[],"class_list":["post-66759","post","type-post","status-publish","format-standard","has-post-thumbnail","hentry","category-mundo"],"_links":{"self":[{"href":"https:\/\/themexicopost.com\/index.php?rest_route=\/wp\/v2\/posts\/66759","targetHints":{"allow":["GET"]}}],"collection":[{"href":"https:\/\/themexicopost.com\/index.php?rest_route=\/wp\/v2\/posts"}],"about":[{"href":"https:\/\/themexicopost.com\/index.php?rest_route=\/wp\/v2\/types\/post"}],"author":[{"embeddable":true,"href":"https:\/\/themexicopost.com\/index.php?rest_route=\/wp\/v2\/users\/1"}],"replies":[{"embeddable":true,"href":"https:\/\/themexicopost.com\/index.php?rest_route=%2Fwp%2Fv2%2Fcomments&post=66759"}],"version-history":[{"count":1,"href":"https:\/\/themexicopost.com\/index.php?rest_route=\/wp\/v2\/posts\/66759\/revisions"}],"predecessor-version":[{"id":66761,"href":"https:\/\/themexicopost.com\/index.php?rest_route=\/wp\/v2\/posts\/66759\/revisions\/66761"}],"wp:featuredmedia":[{"embeddable":true,"href":"https:\/\/themexicopost.com\/index.php?rest_route=\/wp\/v2\/media\/66760"}],"wp:attachment":[{"href":"https:\/\/themexicopost.com\/index.php?rest_route=%2Fwp%2Fv2%2Fmedia&parent=66759"}],"wp:term":[{"taxonomy":"category","embeddable":true,"href":"https:\/\/themexicopost.com\/index.php?rest_route=%2Fwp%2Fv2%2Fcategories&post=66759"},{"taxonomy":"post_tag","embeddable":true,"href":"https:\/\/themexicopost.com\/index.php?rest_route=%2Fwp%2Fv2%2Ftags&post=66759"}],"curies":[{"name":"wp","href":"https:\/\/api.w.org\/{rel}","templated":true}]}}