{"id":66800,"date":"2025-09-03T07:36:01","date_gmt":"2025-09-03T13:36:01","guid":{"rendered":"https:\/\/themexicopost.com\/?p=66800"},"modified":"2025-09-03T07:36:05","modified_gmt":"2025-09-03T13:36:05","slug":"ferrari-muestra-su-nueva-vestimenta-para-el-gp-de-monza","status":"publish","type":"post","link":"https:\/\/themexicopost.com\/?p=66800","title":{"rendered":"Ferrari muestra su nueva &#8220;vestimenta&#8221; para el GP de Monza"},"content":{"rendered":"\n<figure class=\"wp-block-pullquote\"><blockquote><p>Este nuevo look para el GP en el Templo de la Velocidad viene siendo costumbre en Ferrari.<\/p><\/blockquote><\/figure>\n\n\n\n<p class=\"has-drop-cap\">El equipo Ferrari vestir\u00e1 de una manera especial para el Gran Premio de Italia, en el circuito de Monza. En esta ocasi\u00f3n, los de Maranello preparan una colecci\u00f3n de color azul, en homenaje al 50\u00ba aniversario del primer t\u00edtulo de Niki Lauda con la escuder\u00eda italiana.<br><\/p>\n\n\n\n<p>Este nuevo look para el GP en el Templo de la Velocidad viene siendo costumbre en Ferrari, sobre todo desde que comenz\u00f3 la era del efecto suelo en 2022.<br><\/p>\n\n\n\n<p>En 2022 la escuder\u00eda del Cavallino Rampante celebraba su 75 aniversario y visti\u00f3 tanto a sus pilotos, como a buena parte de su monoplaza, de amarillo.<br><\/p>\n\n\n\n<p>En 2023 siguieron la misma din\u00e1mica, aunque esta vez con menos amarillo, para celebrar la victoria del 499P Hypercar en las 24 de Le Mans.<br><\/p>\n\n\n\n<p>El pasado a\u00f1o, Ferrari solo utiliz\u00f3 una decoraci\u00f3n especial con los monos de los pilotos, pero no con el coche. Tanto Charles Leclerc, como Carlos Sainz se vistieron de color negro fibra de carbono con rayas amarillas.<br><\/p>\n\n\n\n<p>Ahora, en Maranello quieren homenajear a Niki Lauda, quien gan\u00f3 dos de los tres t\u00edtulos mundiales (1975,1977 y 1984) de su carrera deportiva con Ferrari. El primero de ellos en 1975, y precisamente fue en el circuito de Monza, ante todos los Tifosi. El piloto austriaco cruz\u00f3 tercero la l\u00ednea de meta, y eso le sirvi\u00f3 para llevarse el campeonato en su segunda temporada con el equipo italiano.<br><\/p>\n\n\n\n<p>Y es que urge que Ferreri tenga es esp\u00edritu luchador, sobre todo desp\u00faes de un tr\u00e1gico GP de Pa\u00edses Bajos. Los de<\/p>\n","protected":false},"excerpt":{"rendered":"<p>Este nuevo look para el GP en el Templo de la Velocidad viene siendo costumbre en Ferrari. El equipo Ferrari vestir\u00e1 de una manera especial para el Gran Premio de Italia, en el circuito de Monza. En esta ocasi\u00f3n, los de Maranello preparan una colecci\u00f3n de color azul, en homenaje al 50\u00ba aniversario del primer [&hellip;]<\/p>\n","protected":false},"author":1,"featured_media":66801,"comment_status":"closed","ping_status":"closed","sticky":false,"template":"","format":"standard","meta":{"footnotes":""},"categories":[79],"tags":[],"class_list":["post-66800","post","type-post","status-publish","format-standard","has-post-thumbnail","hentry","category-deportes"],"_links":{"self":[{"href":"https:\/\/themexicopost.com\/index.php?rest_route=\/wp\/v2\/posts\/66800","targetHints":{"allow":["GET"]}}],"collection":[{"href":"https:\/\/themexicopost.com\/index.php?rest_route=\/wp\/v2\/posts"}],"about":[{"href":"https:\/\/themexicopost.com\/index.php?rest_route=\/wp\/v2\/types\/post"}],"author":[{"embeddable":true,"href":"https:\/\/themexicopost.com\/index.php?rest_route=\/wp\/v2\/users\/1"}],"replies":[{"embeddable":true,"href":"https:\/\/themexicopost.com\/index.php?rest_route=%2Fwp%2Fv2%2Fcomments&post=66800"}],"version-history":[{"count":1,"href":"https:\/\/themexicopost.com\/index.php?rest_route=\/wp\/v2\/posts\/66800\/revisions"}],"predecessor-version":[{"id":66802,"href":"https:\/\/themexicopost.com\/index.php?rest_route=\/wp\/v2\/posts\/66800\/revisions\/66802"}],"wp:featuredmedia":[{"embeddable":true,"href":"https:\/\/themexicopost.com\/index.php?rest_route=\/wp\/v2\/media\/66801"}],"wp:attachment":[{"href":"https:\/\/themexicopost.com\/index.php?rest_route=%2Fwp%2Fv2%2Fmedia&parent=66800"}],"wp:term":[{"taxonomy":"category","embeddable":true,"href":"https:\/\/themexicopost.com\/index.php?rest_route=%2Fwp%2Fv2%2Fcategories&post=66800"},{"taxonomy":"post_tag","embeddable":true,"href":"https:\/\/themexicopost.com\/index.php?rest_route=%2Fwp%2Fv2%2Ftags&post=66800"}],"curies":[{"name":"wp","href":"https:\/\/api.w.org\/{rel}","templated":true}]}}