{"id":67198,"date":"2025-09-09T07:42:17","date_gmt":"2025-09-09T13:42:17","guid":{"rendered":"https:\/\/themexicopost.com\/?p=67198"},"modified":"2025-09-09T07:42:35","modified_gmt":"2025-09-09T13:42:35","slug":"encabeza-mario-delgado-jornada-de-concientizacion-sobre-el-abuso-sexual-y-el-maltrato-infantil","status":"publish","type":"post","link":"https:\/\/themexicopost.com\/?p=67198","title":{"rendered":"Encabeza Mario Delgado jornada de concientizaci\u00f3n sobre el abuso sexual y el maltrato infantil"},"content":{"rendered":"\n<figure class=\"wp-block-pullquote\"><blockquote><p>-Se busca con esta jornada escolar complementar los lineamientos y protocolos de respeto y seguridad para proteger a ni\u00f1as, ni\u00f1os y adolescente.<\/p><\/blockquote><\/figure>\n\n\n\n<p class=\"has-drop-cap\">Mario Delgado Carrillo, el secretario de Educaci\u00f3n P\u00fablica, encabez\u00f3 en la escuela primaria Profesora Rosa Navarro, de la alcald\u00eda Iztacalco en CDMX, la Jornada de concientizaci\u00f3n sobre la gravedad del abuso sexual y el maltrato infantil, que se realiza simult\u00e1neamente en todas las escuelas de Educaci\u00f3n B\u00e1sica del pa\u00eds.<br><\/p>\n\n\n\n<p>Afirm\u00f3 Delgado Carrillo que se busca romper el silencio bajo la premisa: &#8220;Te veo, te creo y te cuido, porque proteger la infancia es proteger lo m\u00e1s valioso de nuestra patria\u201d.<br><\/p>\n\n\n\n<p>Se\u00f1al\u00f3 que las autoridades educativas deben ser absolutamente intolerantes frente al abuso sexual y al maltrato infantil, porque las escuelas deben posicionarse como lugares seguros donde ni\u00f1as, ni\u00f1os y adolescentes aprendan y se diviertan.<br><\/p>\n\n\n\n<p>Estuvo acompa\u00f1ado por la secretaria de las Mujeres, Citlalli Hern\u00e1ndez Mora, quien subray\u00f3 que blindar los planteles tendr\u00e1 un impacto positivo no s\u00f3lo en las aulas, sino tambi\u00e9n en los hogares y en el entorno familiar, al fomentar una cultura de respeto y cuidado.<br><\/p>\n\n\n\n<figure class=\"wp-block-image size-large\"><img fetchpriority=\"high\" decoding=\"async\" width=\"1024\" height=\"684\" src=\"https:\/\/themexicopost.com\/wp-content\/uploads\/2025\/09\/3mario-1024x684.jpg\" alt=\"\" class=\"wp-image-67200\" srcset=\"https:\/\/themexicopost.com\/wp-content\/uploads\/2025\/09\/3mario-1024x684.jpg 1024w, https:\/\/themexicopost.com\/wp-content\/uploads\/2025\/09\/3mario-300x201.jpg 300w, https:\/\/themexicopost.com\/wp-content\/uploads\/2025\/09\/3mario-768x513.jpg 768w, https:\/\/themexicopost.com\/wp-content\/uploads\/2025\/09\/3mario.jpg 1200w\" sizes=\"(max-width: 1024px) 100vw, 1024px\" \/><\/figure>\n\n\n\n<p>El titular de la SEP se\u00f1al\u00f3 que m\u00e1s del 16% de ni\u00f1as y ni\u00f1os de 10 a 13 a\u00f1os reconocen haber vivido abuso sexual; en adolescentes de 14 a 17 a\u00f1os la cifra alcanza casi 38%, y cuatro de cada 10 delitos sexuales tienen como v\u00edctimas a menores de edad, lo que obliga a fortalecer las medidas de prevenci\u00f3n y protecci\u00f3n.<br><\/p>\n\n\n\n<p>Delgado Carrillo inform\u00f3 que se public\u00f3 el Acuerdo que establece los lineamientos para la prevenci\u00f3n, atenci\u00f3n, detecci\u00f3n, intervenci\u00f3n y medidas de no repetici\u00f3n en casos de violencia sexual y maltrato infantil en educaci\u00f3n b\u00e1sica.<br><\/p>\n\n\n\n<p>Indic\u00f3, adem\u00e1s, que la Subsecretar\u00eda de Educaci\u00f3n B\u00e1sica puso a disposici\u00f3n de las comunidades escolares distintos materiales did\u00e1cticos en l\u00ednea, as\u00ed como carteles y gu\u00edas para reforzar la conciencia en la comunidad escolar.<br><\/p>\n\n\n\n<p>Finalmente, Delgado Carrillo asegur\u00f3 que estas acciones buscan dejar claro que las ni\u00f1as, ni\u00f1os y adolescentes no est\u00e1n solos, que merecen estar bien y que la violencia nunca es una forma de educar. \u201cCada gesto cuenta: una palabra amable, un adulto que escucha, una maestra que cree, un protocolo que se cumple. As\u00ed se construye un pa\u00eds donde la infancia florezca sin miedo\u201d, subray\u00f3.<br><\/p>\n\n\n\n<p>La secretaria de las Mujeres, Citlalli Hern\u00e1ndez Mora, reconoci\u00f3 la importancia del inicio de esta jornada y se sum\u00f3 a las tareas de concientizaci\u00f3n a trav\u00e9s de la promoci\u00f3n de derechos, con la difusi\u00f3n de la Cartilla de Derechos de las Mujeres, los cuales deben ser conocidos, ejercidos y respetados por ni\u00f1as, ni\u00f1os, madres, padres y por todas las autoridades educativas en su conjunto, ya que la protecci\u00f3n de las infancias es una responsabilidad colectiva.<\/p>\n","protected":false},"excerpt":{"rendered":"<p>-Se busca con esta jornada escolar complementar los lineamientos y protocolos de respeto y seguridad para proteger a ni\u00f1as, ni\u00f1os y adolescente. Mario Delgado Carrillo, el secretario de Educaci\u00f3n P\u00fablica, encabez\u00f3 en la escuela primaria Profesora Rosa Navarro, de la alcald\u00eda Iztacalco en CDMX, la Jornada de concientizaci\u00f3n sobre la gravedad del abuso sexual y [&hellip;]<\/p>\n","protected":false},"author":1,"featured_media":67199,"comment_status":"closed","ping_status":"closed","sticky":false,"template":"","format":"standard","meta":{"footnotes":""},"categories":[83,81],"tags":[],"class_list":["post-67198","post","type-post","status-publish","format-standard","has-post-thumbnail","hentry","category-destacado","category-nacional"],"_links":{"self":[{"href":"https:\/\/themexicopost.com\/index.php?rest_route=\/wp\/v2\/posts\/67198","targetHints":{"allow":["GET"]}}],"collection":[{"href":"https:\/\/themexicopost.com\/index.php?rest_route=\/wp\/v2\/posts"}],"about":[{"href":"https:\/\/themexicopost.com\/index.php?rest_route=\/wp\/v2\/types\/post"}],"author":[{"embeddable":true,"href":"https:\/\/themexicopost.com\/index.php?rest_route=\/wp\/v2\/users\/1"}],"replies":[{"embeddable":true,"href":"https:\/\/themexicopost.com\/index.php?rest_route=%2Fwp%2Fv2%2Fcomments&post=67198"}],"version-history":[{"count":1,"href":"https:\/\/themexicopost.com\/index.php?rest_route=\/wp\/v2\/posts\/67198\/revisions"}],"predecessor-version":[{"id":67201,"href":"https:\/\/themexicopost.com\/index.php?rest_route=\/wp\/v2\/posts\/67198\/revisions\/67201"}],"wp:featuredmedia":[{"embeddable":true,"href":"https:\/\/themexicopost.com\/index.php?rest_route=\/wp\/v2\/media\/67199"}],"wp:attachment":[{"href":"https:\/\/themexicopost.com\/index.php?rest_route=%2Fwp%2Fv2%2Fmedia&parent=67198"}],"wp:term":[{"taxonomy":"category","embeddable":true,"href":"https:\/\/themexicopost.com\/index.php?rest_route=%2Fwp%2Fv2%2Fcategories&post=67198"},{"taxonomy":"post_tag","embeddable":true,"href":"https:\/\/themexicopost.com\/index.php?rest_route=%2Fwp%2Fv2%2Ftags&post=67198"}],"curies":[{"name":"wp","href":"https:\/\/api.w.org\/{rel}","templated":true}]}}