{"id":67218,"date":"2025-09-09T07:56:16","date_gmt":"2025-09-09T13:56:16","guid":{"rendered":"https:\/\/themexicopost.com\/?p=67218"},"modified":"2025-09-09T07:56:24","modified_gmt":"2025-09-09T13:56:24","slug":"matan-pistoleros-palestinos-a-seis-personas-en-tiroteo-en-parada-de-autobus-de-jerusalen","status":"publish","type":"post","link":"https:\/\/themexicopost.com\/?p=67218","title":{"rendered":"Matan pistoleros palestinos a seis personas en tiroteo en parada de autob\u00fas de Jerusal\u00e9n"},"content":{"rendered":"\n<figure class=\"wp-block-pullquote\"><blockquote><p>El presidente palestino Mahmud Ab\u00e1s emiti\u00f3 un comunicado condenando cualquier ataque contra civiles palestinos e israel\u00edes.<\/p><\/blockquote><\/figure>\n\n\n\n<p class=\"has-drop-cap\">Dos pistoleros palestinos abrieron fuego en una parada de autob\u00fas a las afueras de Jerusal\u00e9n, matando a seis personas en lo que la polic\u00eda describi\u00f3 como un ataque terrorista, uno de los m\u00e1s mort\u00edferos en la ciudad en los \u00faltimos a\u00f1os.<br><\/p>\n\n\n\n<p>Las im\u00e1genes de una c\u00e1mara en el tablero del veh\u00edculo, ubicada en el cruce de Ramot, mostraron a personas huyendo de un autob\u00fas al costado de la carretera mientras se o\u00edan disparos. La polic\u00eda israel\u00ed inform\u00f3 que los atacantes fueron abatidos en el lugar por un soldado y un civil armado.<br><\/p>\n\n\n\n<p>El servicio de ambulancias identific\u00f3 a las cinco v\u00edctimas como un hombre de 50 a\u00f1os, una mujer de unos cincuenta y tres hombres de unos treinta. Se indic\u00f3 que otras seis personas se encontraban en estado grave con heridas de bala. La polic\u00eda inform\u00f3 que m\u00e1s de 20 personas resultaron heridas.<br><\/p>\n\n\n\n<p>El ministro de Asuntos Exteriores israel\u00ed, Gideon Saar, declar\u00f3 posteriormente que una sexta persona hab\u00eda muerto y que los atacantes eran palestinos de Cisjordania ocupada por Israel.<br><\/p>\n\n\n\n<p>En un comunicado posterior del ej\u00e9rcito israel\u00ed el lunes, el Jefe del Estado Mayor, Eyal Zamir, fue citado diciendo que hab\u00eda ordenado el cierre total de la zona de donde proven\u00edan los atacantes.<br><\/p>\n\n\n\n<p>El Ministerio de Asuntos Exteriores espa\u00f1ol inform\u00f3 que un ciudadano espa\u00f1ol se encontraba entre los fallecidos y conden\u00f3 el ataque. Francia, la UE y los Emiratos \u00c1rabes Unidos tambi\u00e9n emitieron comunicados de condena.<br><\/p>\n\n\n\n<p>El tiroteo tuvo lugar en el contexto de casi dos a\u00f1os de guerra en Gaza, donde la campa\u00f1a de Israel contra el grupo militante Ham\u00e1s ha devastado el territorio. En Cisjordania, los palestinos se han enfrentado a restricciones militares m\u00e1s estrictas y a un aumento de los ataques de colonos jud\u00edos.<br><\/p>\n\n\n\n<p>&#8220;Una ma\u00f1ana dolorosa y dif\u00edcil. Civiles inocentes, mujeres, hombres y ni\u00f1os, fueron brutalmente asesinados y heridos a sangre fr\u00eda en un autob\u00fas en Jerusal\u00e9n por terroristas viles y malvados&#8221;, declar\u00f3 el presidente israel\u00ed Isaac Herzog al comentar el ataque.<br><\/p>\n\n\n\n<p>El presidente palestino Mahmud Ab\u00e1s emiti\u00f3 un comunicado condenando cualquier ataque contra civiles palestinos e israel\u00edes.<\/p>\n","protected":false},"excerpt":{"rendered":"<p>El presidente palestino Mahmud Ab\u00e1s emiti\u00f3 un comunicado condenando cualquier ataque contra civiles palestinos e israel\u00edes. Dos pistoleros palestinos abrieron fuego en una parada de autob\u00fas a las afueras de Jerusal\u00e9n, matando a seis personas en lo que la polic\u00eda describi\u00f3 como un ataque terrorista, uno de los m\u00e1s mort\u00edferos en la ciudad en los [&hellip;]<\/p>\n","protected":false},"author":1,"featured_media":67219,"comment_status":"closed","ping_status":"closed","sticky":false,"template":"","format":"standard","meta":{"footnotes":""},"categories":[83,80],"tags":[],"class_list":["post-67218","post","type-post","status-publish","format-standard","has-post-thumbnail","hentry","category-destacado","category-mundo"],"_links":{"self":[{"href":"https:\/\/themexicopost.com\/index.php?rest_route=\/wp\/v2\/posts\/67218","targetHints":{"allow":["GET"]}}],"collection":[{"href":"https:\/\/themexicopost.com\/index.php?rest_route=\/wp\/v2\/posts"}],"about":[{"href":"https:\/\/themexicopost.com\/index.php?rest_route=\/wp\/v2\/types\/post"}],"author":[{"embeddable":true,"href":"https:\/\/themexicopost.com\/index.php?rest_route=\/wp\/v2\/users\/1"}],"replies":[{"embeddable":true,"href":"https:\/\/themexicopost.com\/index.php?rest_route=%2Fwp%2Fv2%2Fcomments&post=67218"}],"version-history":[{"count":1,"href":"https:\/\/themexicopost.com\/index.php?rest_route=\/wp\/v2\/posts\/67218\/revisions"}],"predecessor-version":[{"id":67220,"href":"https:\/\/themexicopost.com\/index.php?rest_route=\/wp\/v2\/posts\/67218\/revisions\/67220"}],"wp:featuredmedia":[{"embeddable":true,"href":"https:\/\/themexicopost.com\/index.php?rest_route=\/wp\/v2\/media\/67219"}],"wp:attachment":[{"href":"https:\/\/themexicopost.com\/index.php?rest_route=%2Fwp%2Fv2%2Fmedia&parent=67218"}],"wp:term":[{"taxonomy":"category","embeddable":true,"href":"https:\/\/themexicopost.com\/index.php?rest_route=%2Fwp%2Fv2%2Fcategories&post=67218"},{"taxonomy":"post_tag","embeddable":true,"href":"https:\/\/themexicopost.com\/index.php?rest_route=%2Fwp%2Fv2%2Ftags&post=67218"}],"curies":[{"name":"wp","href":"https:\/\/api.w.org\/{rel}","templated":true}]}}