{"id":67386,"date":"2025-09-11T08:00:27","date_gmt":"2025-09-11T14:00:27","guid":{"rendered":"https:\/\/themexicopost.com\/?p=67386"},"modified":"2025-09-11T08:00:29","modified_gmt":"2025-09-11T14:00:29","slug":"migracion-puede-ser-motor-de-desarrollo-en-mexico-oim","status":"publish","type":"post","link":"https:\/\/themexicopost.com\/?p=67386","title":{"rendered":"Migraci\u00f3n puede ser motor de desarrollo en M\u00e9xico: OIM"},"content":{"rendered":"\n<figure class=\"wp-block-pullquote\"><blockquote><p>Amy Pope, directora de OIM, afirm\u00f3 que la integraci\u00f3n laboral de migrantes puede fortalecer comunidades, cubrir vacantes y convertir a M\u00e9xico en referente internacional en pol\u00edticas migratorias.<\/p><\/blockquote><\/figure>\n\n\n\n<p class=\"has-drop-cap\">De acuerdo a Amy Pope, directora general de la Organizaci\u00f3n Internacional para las Migraciones (OIM), M\u00e9xico tiene una oportunidad \u00fanica de convertir la migraci\u00f3n en un motor de desarrollo, esto lo se\u00f1al\u00f3 al iniciar una visita de dos d\u00edas al pa\u00eds.<br><\/p>\n\n\n\n<p>Tras reunirse con funcionarios, como el secretario de Relaciones Exteriores (SRE), Juan Ram\u00f3n de la Fuente, y representantes del sector privado, Pope subray\u00f3 que ampliar las v\u00edas de regularizaci\u00f3n e integraci\u00f3n es clave para aprovechar el talento de las personas migrantes y retornadas.<br><\/p>\n\n\n\n<p>Afirm\u00f3 que cuando las personas migrantes y retornadas tienen oportunidades de empleo, toda la comunidad se beneficia. Las personas pueden construir vidas dignas y estables, las empresas encuentran la mano de obra que necesitan y las econom\u00edas locales se fortalecen.<br><\/p>\n\n\n\n<p>Y es que de acuerdo a lo se\u00f1alado con la OIM, la mitad de los migrantes encuestados en 2025 ven a M\u00e9xico como destino, frente a menos de una cuarta parte en 2024. Este cambio exige pol\u00edticas que gestionen la migraci\u00f3n y potencien su aporte al crecimiento.<br><\/p>\n\n\n\n<p>OIM destac\u00f3 que, aunque el tr\u00e1nsito de migrantes ha disminuido este a\u00f1o, persiste la migraci\u00f3n irregular y aumentan los riesgos por controles m\u00e1s estrictos. Adem\u00e1s, casi 90,000 mexicanos han retornado desde Estados Unidos hasta agosto, seg\u00fan cifras oficiales.<br><\/p>\n\n\n\n<p>Mientras que Coparmex calcula que existen 1.6 millones de vacantes en sectores como manufactura, energ\u00eda y agricultura. Para la OIM, los migrantes pueden cubrir esta demanda mediante programas de regularizaci\u00f3n y empleo.<br><\/p>\n\n\n\n<p>A esta visita se sumaron representantes de Tent Partnership for Refugees, quienes destacaron que cada vez m\u00e1s empresas en M\u00e9xico contratan a migrantes y refugiados. Actualmente, 80 compa\u00f1\u00edas forman parte de esta red.<br><\/p>\n\n\n\n<p>La OIM insisti\u00f3 en que M\u00e9xico puede convertirse en ejemplo internacional al demostrar c\u00f3mo la integraci\u00f3n de migrantes y retornados impulsa la econom\u00eda y fortalece a las comunidades.<\/p>\n","protected":false},"excerpt":{"rendered":"<p>Amy Pope, directora de OIM, afirm\u00f3 que la integraci\u00f3n laboral de migrantes puede fortalecer comunidades, cubrir vacantes y convertir a M\u00e9xico en referente internacional en pol\u00edticas migratorias. De acuerdo a Amy Pope, directora general de la Organizaci\u00f3n Internacional para las Migraciones (OIM), M\u00e9xico tiene una oportunidad \u00fanica de convertir la migraci\u00f3n en un motor de [&hellip;]<\/p>\n","protected":false},"author":1,"featured_media":67387,"comment_status":"closed","ping_status":"closed","sticky":false,"template":"","format":"standard","meta":{"footnotes":""},"categories":[83,81],"tags":[],"class_list":["post-67386","post","type-post","status-publish","format-standard","has-post-thumbnail","hentry","category-destacado","category-nacional"],"_links":{"self":[{"href":"https:\/\/themexicopost.com\/index.php?rest_route=\/wp\/v2\/posts\/67386","targetHints":{"allow":["GET"]}}],"collection":[{"href":"https:\/\/themexicopost.com\/index.php?rest_route=\/wp\/v2\/posts"}],"about":[{"href":"https:\/\/themexicopost.com\/index.php?rest_route=\/wp\/v2\/types\/post"}],"author":[{"embeddable":true,"href":"https:\/\/themexicopost.com\/index.php?rest_route=\/wp\/v2\/users\/1"}],"replies":[{"embeddable":true,"href":"https:\/\/themexicopost.com\/index.php?rest_route=%2Fwp%2Fv2%2Fcomments&post=67386"}],"version-history":[{"count":1,"href":"https:\/\/themexicopost.com\/index.php?rest_route=\/wp\/v2\/posts\/67386\/revisions"}],"predecessor-version":[{"id":67388,"href":"https:\/\/themexicopost.com\/index.php?rest_route=\/wp\/v2\/posts\/67386\/revisions\/67388"}],"wp:featuredmedia":[{"embeddable":true,"href":"https:\/\/themexicopost.com\/index.php?rest_route=\/wp\/v2\/media\/67387"}],"wp:attachment":[{"href":"https:\/\/themexicopost.com\/index.php?rest_route=%2Fwp%2Fv2%2Fmedia&parent=67386"}],"wp:term":[{"taxonomy":"category","embeddable":true,"href":"https:\/\/themexicopost.com\/index.php?rest_route=%2Fwp%2Fv2%2Fcategories&post=67386"},{"taxonomy":"post_tag","embeddable":true,"href":"https:\/\/themexicopost.com\/index.php?rest_route=%2Fwp%2Fv2%2Ftags&post=67386"}],"curies":[{"name":"wp","href":"https:\/\/api.w.org\/{rel}","templated":true}]}}