{"id":67400,"date":"2025-09-11T08:16:42","date_gmt":"2025-09-11T14:16:42","guid":{"rendered":"https:\/\/themexicopost.com\/?p=67400"},"modified":"2025-09-11T08:16:44","modified_gmt":"2025-09-11T14:16:44","slug":"otro-atentado-en-eua-disparan-en-escuela-secundaria-de-denver","status":"publish","type":"post","link":"https:\/\/themexicopost.com\/?p=67400","title":{"rendered":"Otro atentado en EUA: disparan en escuela secundaria de Denver"},"content":{"rendered":"\n<figure class=\"wp-block-pullquote\"><blockquote><p>-El incidente se report\u00f3 alrededor de las 12:30 de la tarde en la Escuela Secundaria Evergreen, en Evergreen, Colorado<\/p><\/blockquote><\/figure>\n\n\n\n<p class=\"has-drop-cap\">Un adolescente abri\u00f3 fuego con una pistola en una escuela secundaria en las afueras de los suburbios de Denver y dispar\u00f3 a dos adolescentes antes de dispararse y herirse a s\u00ed mismo, seg\u00fan las autoridades.<br><\/p>\n\n\n\n<p>Este incidente se report\u00f3 en la Escuela Secundaria Evergreen, en Evergreen, Colorado, a unos 48 kil\u00f3metros al oeste de Denver.<br><\/p>\n\n\n\n<p>En el lugar se efectuaron disparos tanto dentro como fuera del edificio de la escuela, y los agentes que acudieron al lugar encontraron al tirador en los cinco primeros minutos, explic\u00f3 Jacki Kelley, del departamento de polic\u00eda del condado de Jefferson.<br><\/p>\n\n\n\n<p>M\u00e1s de 100 polic\u00edas de la zona de Denver acudieron r\u00e1pidamente a la escuela para intentar ayudar, dijo Kelley.<br><\/p>\n\n\n\n<p>Los tres adolescentes de Evergreen fueron trasladados al hospital St. Anthony y en un primer momento se dijo que estaban en estado cr\u00edtico, afirm\u00f3 su director general, Kevin Cullinan. No se revelaron sus edades.<br><\/p>\n\n\n\n<p>Al final de la tarde, uno de los adolescentes estaba en condici\u00f3n estable, con lo que el doctor Brian Blackwood, director de traumatolog\u00eda del hospital, describi\u00f3 como heridas que no pon\u00edan en peligro su vida, aunque se neg\u00f3 a ofrecer m\u00e1s detalles.<br><\/p>\n\n\n\n<p>La escuela, con m\u00e1s de 900 estudiantes, est\u00e1 rodeada en gran parte por bosques. Est\u00e1 ubicada a cerca de un kil\u00f3metro del centro de Evergreen, que tiene 9 mil 300 habitantes.<br><\/p>\n\n\n\n<p>Tras el tiroteo, los padres se congregaron en el exterior de la cercana Escuela Primaria Bergen Meadow esperando reunirse con sus hijos.<br><\/p>\n\n\n\n<p>Dieciocho estudiantes que huyeron del tiroteo se refugiaron en una casa al final de la calle, despu\u00e9s de que un primer grupo golpeara la puerta pidiendo ayuda, dijo Don Cygan, un residente, a la televisora de Denver KUSA-TV. Uno de los alumnos afirm\u00f3 que escuch\u00f3 disparos mientras estaba en la cafeter\u00eda del centro y sali\u00f3 corriendo, seg\u00fan Cygan.<\/p>\n","protected":false},"excerpt":{"rendered":"<p>-El incidente se report\u00f3 alrededor de las 12:30 de la tarde en la Escuela Secundaria Evergreen, en Evergreen, Colorado Un adolescente abri\u00f3 fuego con una pistola en una escuela secundaria en las afueras de los suburbios de Denver y dispar\u00f3 a dos adolescentes antes de dispararse y herirse a s\u00ed mismo, seg\u00fan las autoridades. Este [&hellip;]<\/p>\n","protected":false},"author":1,"featured_media":67402,"comment_status":"closed","ping_status":"closed","sticky":false,"template":"","format":"standard","meta":{"footnotes":""},"categories":[83,80],"tags":[],"class_list":["post-67400","post","type-post","status-publish","format-standard","has-post-thumbnail","hentry","category-destacado","category-mundo"],"_links":{"self":[{"href":"https:\/\/themexicopost.com\/index.php?rest_route=\/wp\/v2\/posts\/67400","targetHints":{"allow":["GET"]}}],"collection":[{"href":"https:\/\/themexicopost.com\/index.php?rest_route=\/wp\/v2\/posts"}],"about":[{"href":"https:\/\/themexicopost.com\/index.php?rest_route=\/wp\/v2\/types\/post"}],"author":[{"embeddable":true,"href":"https:\/\/themexicopost.com\/index.php?rest_route=\/wp\/v2\/users\/1"}],"replies":[{"embeddable":true,"href":"https:\/\/themexicopost.com\/index.php?rest_route=%2Fwp%2Fv2%2Fcomments&post=67400"}],"version-history":[{"count":1,"href":"https:\/\/themexicopost.com\/index.php?rest_route=\/wp\/v2\/posts\/67400\/revisions"}],"predecessor-version":[{"id":67403,"href":"https:\/\/themexicopost.com\/index.php?rest_route=\/wp\/v2\/posts\/67400\/revisions\/67403"}],"wp:featuredmedia":[{"embeddable":true,"href":"https:\/\/themexicopost.com\/index.php?rest_route=\/wp\/v2\/media\/67402"}],"wp:attachment":[{"href":"https:\/\/themexicopost.com\/index.php?rest_route=%2Fwp%2Fv2%2Fmedia&parent=67400"}],"wp:term":[{"taxonomy":"category","embeddable":true,"href":"https:\/\/themexicopost.com\/index.php?rest_route=%2Fwp%2Fv2%2Fcategories&post=67400"},{"taxonomy":"post_tag","embeddable":true,"href":"https:\/\/themexicopost.com\/index.php?rest_route=%2Fwp%2Fv2%2Ftags&post=67400"}],"curies":[{"name":"wp","href":"https:\/\/api.w.org\/{rel}","templated":true}]}}