{"id":67404,"date":"2025-09-11T08:26:50","date_gmt":"2025-09-11T14:26:50","guid":{"rendered":"https:\/\/themexicopost.com\/?p=67404"},"modified":"2025-09-11T08:26:53","modified_gmt":"2025-09-11T14:26:53","slug":"auto-choca-contra-guarderia-en-canada-deja-9-heridos","status":"publish","type":"post","link":"https:\/\/themexicopost.com\/?p=67404","title":{"rendered":"Auto choca contra guarder\u00eda en Canad\u00e1; deja 9 heridos"},"content":{"rendered":"\n<figure class=\"wp-block-pullquote\"><blockquote><p>El agente Kevin Nebrija indic\u00f3 que un conductor de unos 70 a\u00f1os fue arrestado en el lugar y que la polic\u00eda no cree que se tratara de un acto deliberado.<\/p><\/blockquote><\/figure>\n\n\n\n<p class=\"has-drop-cap\">Un ni\u00f1o peque\u00f1o muri\u00f3 cuando una camioneta SUV se estrell\u00f3 contra la ventana de una guarder\u00eda al norte de Toronto poco antes de la hora de recogida.<br><\/p>\n\n\n\n<p>La Polic\u00eda Regional de York inform\u00f3 que el ni\u00f1o ten\u00eda solo un a\u00f1o y medio. Otros seis ni\u00f1os, de entre 18 meses y 3 a\u00f1os, tambi\u00e9n resultaron heridos en el accidente. Uno de ellos segu\u00eda en estado cr\u00edtico horas despu\u00e9s.<br><\/p>\n\n\n\n<p>La polic\u00eda inform\u00f3 en una conferencia de prensa que tres miembros del personal tambi\u00e9n resultaron heridos en la guarder\u00eda ubicada cerca de Yonge Street y Nottingham Drive en Richmond Hill, Ontario.<br><\/p>\n\n\n\n<p>El agente Kevin Nebrija indic\u00f3 que un conductor de unos 70 a\u00f1os fue arrestado en el lugar y que la polic\u00eda no cree que se tratara de un acto deliberado.<br><\/p>\n\n\n\n<p>\u201cComo pueden imaginar, esta fue una escena muy ca\u00f3tica. Puedo decirles que la informaci\u00f3n inicial sugiere que el veh\u00edculo estaba en el estacionamiento en ese momento y, por razones desconocidas, se estrell\u00f3 contra la ventana\u201d, declar\u00f3. \u201cComprendemos que esta es una llamada muy alarmante que los padres deben recibir y atender al final de su jornada\u201d.<br><\/p>\n\n\n\n<p>Dijo que se hab\u00eda contabilizado a todos los ni\u00f1os y que se hab\u00eda notificado a los padres.<br><\/p>\n\n\n\n<p>En el lugar, a primera hora de la tarde, se pod\u00edan ver peque\u00f1as sillas azules y verdes tras los bordes dentados de una ventana frontal completamente destrozada. Cerca de una docena de patrullas policiales se encontraban en el estacionamiento.<br><\/p>\n\n\n\n<p>Nebrija dijo que en el momento del accidente hab\u00eda 96 ni\u00f1os presentes en m\u00e1s de una habitaci\u00f3n del edificio.<\/p>\n\n\n\n<p><\/p>\n","protected":false},"excerpt":{"rendered":"<p>El agente Kevin Nebrija indic\u00f3 que un conductor de unos 70 a\u00f1os fue arrestado en el lugar y que la polic\u00eda no cree que se tratara de un acto deliberado. Un ni\u00f1o peque\u00f1o muri\u00f3 cuando una camioneta SUV se estrell\u00f3 contra la ventana de una guarder\u00eda al norte de Toronto poco antes de la hora [&hellip;]<\/p>\n","protected":false},"author":1,"featured_media":67405,"comment_status":"closed","ping_status":"closed","sticky":false,"template":"","format":"standard","meta":{"footnotes":""},"categories":[80],"tags":[],"class_list":["post-67404","post","type-post","status-publish","format-standard","has-post-thumbnail","hentry","category-mundo"],"_links":{"self":[{"href":"https:\/\/themexicopost.com\/index.php?rest_route=\/wp\/v2\/posts\/67404","targetHints":{"allow":["GET"]}}],"collection":[{"href":"https:\/\/themexicopost.com\/index.php?rest_route=\/wp\/v2\/posts"}],"about":[{"href":"https:\/\/themexicopost.com\/index.php?rest_route=\/wp\/v2\/types\/post"}],"author":[{"embeddable":true,"href":"https:\/\/themexicopost.com\/index.php?rest_route=\/wp\/v2\/users\/1"}],"replies":[{"embeddable":true,"href":"https:\/\/themexicopost.com\/index.php?rest_route=%2Fwp%2Fv2%2Fcomments&post=67404"}],"version-history":[{"count":1,"href":"https:\/\/themexicopost.com\/index.php?rest_route=\/wp\/v2\/posts\/67404\/revisions"}],"predecessor-version":[{"id":67406,"href":"https:\/\/themexicopost.com\/index.php?rest_route=\/wp\/v2\/posts\/67404\/revisions\/67406"}],"wp:featuredmedia":[{"embeddable":true,"href":"https:\/\/themexicopost.com\/index.php?rest_route=\/wp\/v2\/media\/67405"}],"wp:attachment":[{"href":"https:\/\/themexicopost.com\/index.php?rest_route=%2Fwp%2Fv2%2Fmedia&parent=67404"}],"wp:term":[{"taxonomy":"category","embeddable":true,"href":"https:\/\/themexicopost.com\/index.php?rest_route=%2Fwp%2Fv2%2Fcategories&post=67404"},{"taxonomy":"post_tag","embeddable":true,"href":"https:\/\/themexicopost.com\/index.php?rest_route=%2Fwp%2Fv2%2Ftags&post=67404"}],"curies":[{"name":"wp","href":"https:\/\/api.w.org\/{rel}","templated":true}]}}