{"id":67440,"date":"2025-09-11T08:50:25","date_gmt":"2025-09-11T14:50:25","guid":{"rendered":"https:\/\/themexicopost.com\/?p=67440"},"modified":"2025-09-11T08:50:27","modified_gmt":"2025-09-11T14:50:27","slug":"pagara-eua-4-76-mdd-a-el-salvador-por-migrantes","status":"publish","type":"post","link":"https:\/\/themexicopost.com\/?p=67440","title":{"rendered":"PAGAR\u00c1 EUA 4.76 MDD A EL SALVADOR POR MIGRANTES"},"content":{"rendered":"\n<figure class=\"wp-block-pullquote\"><blockquote><p>-Un acuerdo, hasta ahora secreto, revela que el Gobierno de Trump pag\u00f3 a El Salvador para que migrantes fueran alojados en la prisi\u00f3n CECOT.<\/p><\/blockquote><\/figure>\n\n\n\n<p class=\"has-drop-cap\">El Gobierno de Estados Unidos acord\u00f3 pagar 4,76 millones de d\u00f3lares a El Salvador a cambio de recibir a m\u00e1s de 200 migrantes deportados, seg\u00fan documentos judiciales, que detallan exigencias de que estos fondos no sean usados en asesor\u00eda legal a solicitantes de asilo a Estados Unidos, entre otras condiciones.<br><\/p>\n\n\n\n<figure class=\"wp-block-image size-large\"><img fetchpriority=\"high\" decoding=\"async\" width=\"1024\" height=\"684\" src=\"https:\/\/themexicopost.com\/wp-content\/uploads\/2025\/09\/pagara-3-1024x684.jpg\" alt=\"\" class=\"wp-image-67442\" srcset=\"https:\/\/themexicopost.com\/wp-content\/uploads\/2025\/09\/pagara-3-1024x684.jpg 1024w, https:\/\/themexicopost.com\/wp-content\/uploads\/2025\/09\/pagara-3-300x201.jpg 300w, https:\/\/themexicopost.com\/wp-content\/uploads\/2025\/09\/pagara-3-768x513.jpg 768w, https:\/\/themexicopost.com\/wp-content\/uploads\/2025\/09\/pagara-3.jpg 1200w\" sizes=\"(max-width: 1024px) 100vw, 1024px\" \/><\/figure>\n\n\n\n<p>Los detalles del pacto eran desconocidos hasta ahora y salieron a la luz como parte de las evidencias en una demanda liderada por el grupo de derechos civiles Democracy Forward contra este acuerdo, firmado entre las administraciones de los presidentes de Estados Unidos, Donald Trump, y El Salvador, Nayib Bukele.<br><\/p>\n\n\n\n<p>El documento es una carta oficial del Departamento de Estado estadounidense al Gobierno de El Salvador, fechada el 22 de marzo de 2025, en la que se formaliza la concesi\u00f3n de 4,76 millones de d\u00f3lares destinados exclusivamente al apoyo penitenciario y log\u00edstico para la detenci\u00f3n de estos migrantes, en su mayor\u00eda venezolanos, en el Centro de Confinamiento del Terrorismo (CECOT), notoria por las denuncias de abusos a derechos humanos.<br><\/p>\n\n\n\n<figure class=\"wp-block-image size-large\"><img decoding=\"async\" width=\"1024\" height=\"684\" src=\"https:\/\/themexicopost.com\/wp-content\/uploads\/2025\/09\/pagara-4-1024x684.jpg\" alt=\"\" class=\"wp-image-67443\" srcset=\"https:\/\/themexicopost.com\/wp-content\/uploads\/2025\/09\/pagara-4-1024x684.jpg 1024w, https:\/\/themexicopost.com\/wp-content\/uploads\/2025\/09\/pagara-4-300x201.jpg 300w, https:\/\/themexicopost.com\/wp-content\/uploads\/2025\/09\/pagara-4-768x513.jpg 768w, https:\/\/themexicopost.com\/wp-content\/uploads\/2025\/09\/pagara-4.jpg 1200w\" sizes=\"(max-width: 1024px) 100vw, 1024px\" \/><\/figure>\n\n\n\n<p>La misiva tambi\u00e9n estipula la prohibici\u00f3n de estos fondos para uso en asesor\u00eda legal a migrantes que soliciten asilo o referirlos a abogados en Estados Unidos, adem\u00e1s de restringir el apoyo a UNRWA, la agencia de la ONU que trabaja con los refugiados y refugiadas de Palestina, o actividades relacionadas con servicios de salud reproductiva.<br><\/p>\n\n\n\n<p>Seg\u00fan el texto de la carta, el acuerdo no crea obligaciones bajo derecho internacional, por lo que cualquier diferencia ser\u00e1 resuelta solo mediante consultas diplom\u00e1ticas directas entre ambos gobiernos.<br><\/p>\n\n\n\n<figure class=\"wp-block-image size-large\"><img decoding=\"async\" width=\"1024\" height=\"684\" src=\"https:\/\/themexicopost.com\/wp-content\/uploads\/2025\/09\/pagara-1024x684.jpg\" alt=\"\" class=\"wp-image-67444\" srcset=\"https:\/\/themexicopost.com\/wp-content\/uploads\/2025\/09\/pagara-1024x684.jpg 1024w, https:\/\/themexicopost.com\/wp-content\/uploads\/2025\/09\/pagara-300x201.jpg 300w, https:\/\/themexicopost.com\/wp-content\/uploads\/2025\/09\/pagara-768x513.jpg 768w, https:\/\/themexicopost.com\/wp-content\/uploads\/2025\/09\/pagara.jpg 1200w\" sizes=\"(max-width: 1024px) 100vw, 1024px\" \/><\/figure>\n\n\n\n<p>&#8220;La correspondencia entre el Departamento de Estado de EE. UU. y El Salvador confirma lo que sospech\u00e1bamos desde hace tiempo: la administraci\u00f3n Trump-Vance no hizo nada para garantizar de forma significativa que las personas desaparecidas de Estados Unidos a la infame prisi\u00f3n salvadore\u00f1a CECOT estuvieran protegidas de la tortura, el confinamiento indefinido u otros abusos&#8221;, dijo la presidenta de Democracy Forward, Skye Perryman.<br><\/p>\n\n\n\n<p>En un comunicado, Perryman insisti\u00f3 en que &#8220;no obstante, el acuerdo s\u00ed se esforz\u00f3 por garantizar que los fondos que EE. UU. proporcion\u00f3 a El Salvador no se utilizaran para brindar atenci\u00f3n de salud reproductiva ni para ayudar a los solicitantes de asilo a acceder a recursos y asesoramiento&#8221;.<\/p>\n\n\n\n<p><\/p>\n","protected":false},"excerpt":{"rendered":"<p>-Un acuerdo, hasta ahora secreto, revela que el Gobierno de Trump pag\u00f3 a El Salvador para que migrantes fueran alojados en la prisi\u00f3n CECOT.<\/p>\n","protected":false},"author":1,"featured_media":67441,"comment_status":"closed","ping_status":"closed","sticky":false,"template":"","format":"standard","meta":{"footnotes":""},"categories":[83,80,85],"tags":[],"class_list":["post-67440","post","type-post","status-publish","format-standard","has-post-thumbnail","hentry","category-destacado","category-mundo","category-portada"],"_links":{"self":[{"href":"https:\/\/themexicopost.com\/index.php?rest_route=\/wp\/v2\/posts\/67440","targetHints":{"allow":["GET"]}}],"collection":[{"href":"https:\/\/themexicopost.com\/index.php?rest_route=\/wp\/v2\/posts"}],"about":[{"href":"https:\/\/themexicopost.com\/index.php?rest_route=\/wp\/v2\/types\/post"}],"author":[{"embeddable":true,"href":"https:\/\/themexicopost.com\/index.php?rest_route=\/wp\/v2\/users\/1"}],"replies":[{"embeddable":true,"href":"https:\/\/themexicopost.com\/index.php?rest_route=%2Fwp%2Fv2%2Fcomments&post=67440"}],"version-history":[{"count":1,"href":"https:\/\/themexicopost.com\/index.php?rest_route=\/wp\/v2\/posts\/67440\/revisions"}],"predecessor-version":[{"id":67445,"href":"https:\/\/themexicopost.com\/index.php?rest_route=\/wp\/v2\/posts\/67440\/revisions\/67445"}],"wp:featuredmedia":[{"embeddable":true,"href":"https:\/\/themexicopost.com\/index.php?rest_route=\/wp\/v2\/media\/67441"}],"wp:attachment":[{"href":"https:\/\/themexicopost.com\/index.php?rest_route=%2Fwp%2Fv2%2Fmedia&parent=67440"}],"wp:term":[{"taxonomy":"category","embeddable":true,"href":"https:\/\/themexicopost.com\/index.php?rest_route=%2Fwp%2Fv2%2Fcategories&post=67440"},{"taxonomy":"post_tag","embeddable":true,"href":"https:\/\/themexicopost.com\/index.php?rest_route=%2Fwp%2Fv2%2Ftags&post=67440"}],"curies":[{"name":"wp","href":"https:\/\/api.w.org\/{rel}","templated":true}]}}