{"id":67615,"date":"2025-09-15T08:05:50","date_gmt":"2025-09-15T14:05:50","guid":{"rendered":"https:\/\/themexicopost.com\/?p=67615"},"modified":"2025-09-15T08:06:00","modified_gmt":"2025-09-15T14:06:00","slug":"celebro-el-papa-leon-xiv-su-cumpleanos-70","status":"publish","type":"post","link":"https:\/\/themexicopost.com\/?p=67615","title":{"rendered":"Celebr\u00f3 El Papa Le\u00f3n XIV su cumplea\u00f1os 70"},"content":{"rendered":"\n<figure class=\"wp-block-pullquote\"><blockquote><p>-El pont\u00edfice lo celebr\u00f3 con misas, oraciones y homenajes desde Roma hasta Latinoam\u00e9rica<\/p><\/blockquote><\/figure>\n\n\n\n<p class=\"has-drop-cap\">Este 14 de septiembre la Iglesia Cat\u00f3lica celebr\u00f3 el 70\u00ba cumplea\u00f1os de Robert Francis Prevost, el Papa Le\u00f3n XIV, cabeza de la iglesia desde el 8 de mayo de 2025, tras la muerte del Papa Francisco.<br><\/p>\n\n\n\n<p>El Papa Le\u00f3n XIV naci\u00f3 en 1955 en Chicago, Illinois, Estados Unidos, sus padres son Louis Marius Prevost, de origen franc\u00e9s-italiano, y Mildred Mart\u00ednez, de origen espa\u00f1ol, adem\u00e1s tiene dos hermanos, Louis Mart\u00edn y John Joseph.<br><\/p>\n\n\n\n<p>La ciudad de Chiclayo, en Per\u00fa donde el Papa Le\u00f3n fue obispo se uni\u00f3 a la celebraci\u00f3n del cumplea\u00f1os del Papa Le\u00f3n XIV, evocando los lazos profundos que el pont\u00edfice cultiv\u00f3 con esta comunidad. Fieles, parroquias y grupos religiosos han organizado actos de recuerdo, muestras de cari\u00f1o y oraciones en honor al l\u00edder de la Iglesia Cat\u00f3lica.<br><\/p>\n\n\n\n<p>En un video difundido por Milagro Eucar\u00edstico Per\u00fa 1649, se revive un momento especial ocurrido el 14 de septiembre de 2022: el entonces obispo, Robert Francis Prevost, es recibido frente a la Catedral de Chiclayo por miembros del grupo. Aquel gesto incluy\u00f3 la entrega de una imagen del Divino Ni\u00f1o del Milagro, un proyecto para el Santuario Eucar\u00edstico de Eten, y una torta de cumplea\u00f1os, s\u00edmbolos de gratitud.<br><\/p>\n\n\n\n<p>Adem\u00e1s, parroquianos y l\u00edderes religiosos en Chiclayo realizaron misas, jornadas de reflexi\u00f3n y actos de oraci\u00f3n para expresar gratitud por la vida y servicio del Papa Le\u00f3n XIV.<br><\/p>\n\n\n\n<p>En el Vaticano en Roma, la jornada estuvo marcada por una ceremonia vespertina en la Bas\u00edlica papal de San Pablo Extramuros, en recuerdo a 1.600 m\u00e1rtires por su fe que han sido asesinados en lo que va de siglo XXI.<\/p>\n","protected":false},"excerpt":{"rendered":"<p>-El pont\u00edfice lo celebr\u00f3 con misas, oraciones y homenajes desde Roma hasta Latinoam\u00e9rica Este 14 de septiembre la Iglesia Cat\u00f3lica celebr\u00f3 el 70\u00ba cumplea\u00f1os de Robert Francis Prevost, el Papa Le\u00f3n XIV, cabeza de la iglesia desde el 8 de mayo de 2025, tras la muerte del Papa Francisco. El Papa Le\u00f3n XIV naci\u00f3 en [&hellip;]<\/p>\n","protected":false},"author":1,"featured_media":67616,"comment_status":"closed","ping_status":"closed","sticky":false,"template":"","format":"standard","meta":{"footnotes":""},"categories":[83,80],"tags":[],"class_list":["post-67615","post","type-post","status-publish","format-standard","has-post-thumbnail","hentry","category-destacado","category-mundo"],"_links":{"self":[{"href":"https:\/\/themexicopost.com\/index.php?rest_route=\/wp\/v2\/posts\/67615","targetHints":{"allow":["GET"]}}],"collection":[{"href":"https:\/\/themexicopost.com\/index.php?rest_route=\/wp\/v2\/posts"}],"about":[{"href":"https:\/\/themexicopost.com\/index.php?rest_route=\/wp\/v2\/types\/post"}],"author":[{"embeddable":true,"href":"https:\/\/themexicopost.com\/index.php?rest_route=\/wp\/v2\/users\/1"}],"replies":[{"embeddable":true,"href":"https:\/\/themexicopost.com\/index.php?rest_route=%2Fwp%2Fv2%2Fcomments&post=67615"}],"version-history":[{"count":1,"href":"https:\/\/themexicopost.com\/index.php?rest_route=\/wp\/v2\/posts\/67615\/revisions"}],"predecessor-version":[{"id":67617,"href":"https:\/\/themexicopost.com\/index.php?rest_route=\/wp\/v2\/posts\/67615\/revisions\/67617"}],"wp:featuredmedia":[{"embeddable":true,"href":"https:\/\/themexicopost.com\/index.php?rest_route=\/wp\/v2\/media\/67616"}],"wp:attachment":[{"href":"https:\/\/themexicopost.com\/index.php?rest_route=%2Fwp%2Fv2%2Fmedia&parent=67615"}],"wp:term":[{"taxonomy":"category","embeddable":true,"href":"https:\/\/themexicopost.com\/index.php?rest_route=%2Fwp%2Fv2%2Fcategories&post=67615"},{"taxonomy":"post_tag","embeddable":true,"href":"https:\/\/themexicopost.com\/index.php?rest_route=%2Fwp%2Fv2%2Ftags&post=67615"}],"curies":[{"name":"wp","href":"https:\/\/api.w.org\/{rel}","templated":true}]}}