{"id":67932,"date":"2025-09-22T07:45:17","date_gmt":"2025-09-22T13:45:17","guid":{"rendered":"https:\/\/themexicopost.com\/?p=67932"},"modified":"2025-09-22T07:45:18","modified_gmt":"2025-09-22T13:45:18","slug":"se-despide-bad-bunny-de-puerto-rico-en-ultimo-concierto","status":"publish","type":"post","link":"https:\/\/themexicopost.com\/?p=67932","title":{"rendered":"Se despide Bad Bunny de Puerto Rico en \u00faltimo concierto"},"content":{"rendered":"\n<figure class=\"wp-block-pullquote\"><blockquote><p>En total, los conciertos atrajeron a aproximadamente medio mill\u00f3n de personas.<\/p><\/blockquote><\/figure>\n\n\n\n<p class=\"has-drop-cap\">Se celebr\u00f3 un concierto para puertorrique\u00f1os, creado por puertorrique\u00f1os, para recordar al mundo el poder de &#8220;la isla del encanto&#8221;.<br><\/p>\n\n\n\n<p>&#8220;\u00a1No nos rendiremos! \u00a1El mundo entero nos est\u00e1 mirando!&#8221;, grit\u00f3 Bad Bunny en su micr\u00f3fono mientras miraba a la c\u00e1mara que transmit\u00eda su \u00faltimo concierto en Puerto Rico este a\u00f1o a espectadores de todo el mundo, tras una hist\u00f3rica residencia de 30 conciertos en el territorio estadounidense.<br><\/p>\n\n\n\n<p>La multitud rugi\u00f3 de alegr\u00eda al unirse miles de personas que lo segu\u00edan a trav\u00e9s de Amazon Music, Prime Video y Twitch, marcando la primera vez que Bad Bunny fue transmitido a nivel mundial.<br><\/p>\n\n\n\n<p>Este concierto marc\u00f3 el final de una extensa carta de amor que Benito Antonio Mart\u00ednez Ocasio le cant\u00f3 a Puerto Rico. Reconoci\u00f3 lo que significa ser puertorrique\u00f1o: deleitarse con la belleza de la isla, defender su tierra y luchar por su gente.<br><\/p>\n\n\n\n<p>El n\u00famero estimado de muertes se imprimi\u00f3 en la espalda de camisetas y en banderas puertorrique\u00f1as que la multitud onde\u00f3 al aire.<br><\/p>\n\n\n\n<p>En cada concierto de este verano, Bad Bunny invit\u00f3 a nuevas celebridades, entre ellas LeBron James, Pen\u00e9lope Cruz, Darren Aronofsky, DJ Khaled y Kylian Mbapp\u00e9, y cant\u00f3 con diferentes m\u00fasicos, como Rub\u00e9n Blades, Residente, Gilberto Santa Rosa, Rai Nao y Jorge Drexler.<br><\/p>\n\n\n\n<p>El p\u00fablico se qued\u00f3 boquiabierto cuando Marc Anthony apareci\u00f3 en el escenario despu\u00e9s de que Bad Bunny les suplicara a sus fans que se unieran a \u00e9l porque iba a cantar una canci\u00f3n que no hab\u00eda cantado en p\u00fablico en unos 20 a\u00f1os.<br><\/p>\n\n\n\n<p>Miles de personas se congregaron afuera del recinto horas antes del concierto, con la flor nacional de Puerto Rico, la vibrante flor de maga, recogida detr\u00e1s de la oreja, y el tradicional sombrero de paja, conocido como &#8220;pava&#8221;, colocado alegremente sobre la cabeza.<br><\/p>\n\n\n\n<p>En total, los conciertos atrajeron a aproximadamente medio mill\u00f3n de personas, generando un estimado de $733 millones para Puerto Rico, seg\u00fan un nuevo estudio de Gaither International.<br><\/p>\n\n\n\n<p>La mayor\u00eda de los visitantes extranjeros proven\u00edan de Rep\u00fablica Dominicana, Colombia y Espa\u00f1a, con una estancia promedio de casi nueve noches, seg\u00fan el estudio. En general, aproximadamente el 70% de los asistentes a los conciertos eran mujeres, con una edad promedio de 33 a\u00f1os, seg\u00fan el estudio.<\/p>\n","protected":false},"excerpt":{"rendered":"<p>En total, los conciertos atrajeron a aproximadamente medio mill\u00f3n de personas. Se celebr\u00f3 un concierto para puertorrique\u00f1os, creado por puertorrique\u00f1os, para recordar al mundo el poder de &#8220;la isla del encanto&#8221;. &#8220;\u00a1No nos rendiremos! \u00a1El mundo entero nos est\u00e1 mirando!&#8221;, grit\u00f3 Bad Bunny en su micr\u00f3fono mientras miraba a la c\u00e1mara que transmit\u00eda su \u00faltimo [&hellip;]<\/p>\n","protected":false},"author":1,"featured_media":67933,"comment_status":"closed","ping_status":"closed","sticky":false,"template":"","format":"standard","meta":{"footnotes":""},"categories":[78],"tags":[],"class_list":["post-67932","post","type-post","status-publish","format-standard","has-post-thumbnail","hentry","category-espectaculos"],"_links":{"self":[{"href":"https:\/\/themexicopost.com\/index.php?rest_route=\/wp\/v2\/posts\/67932","targetHints":{"allow":["GET"]}}],"collection":[{"href":"https:\/\/themexicopost.com\/index.php?rest_route=\/wp\/v2\/posts"}],"about":[{"href":"https:\/\/themexicopost.com\/index.php?rest_route=\/wp\/v2\/types\/post"}],"author":[{"embeddable":true,"href":"https:\/\/themexicopost.com\/index.php?rest_route=\/wp\/v2\/users\/1"}],"replies":[{"embeddable":true,"href":"https:\/\/themexicopost.com\/index.php?rest_route=%2Fwp%2Fv2%2Fcomments&post=67932"}],"version-history":[{"count":1,"href":"https:\/\/themexicopost.com\/index.php?rest_route=\/wp\/v2\/posts\/67932\/revisions"}],"predecessor-version":[{"id":67934,"href":"https:\/\/themexicopost.com\/index.php?rest_route=\/wp\/v2\/posts\/67932\/revisions\/67934"}],"wp:featuredmedia":[{"embeddable":true,"href":"https:\/\/themexicopost.com\/index.php?rest_route=\/wp\/v2\/media\/67933"}],"wp:attachment":[{"href":"https:\/\/themexicopost.com\/index.php?rest_route=%2Fwp%2Fv2%2Fmedia&parent=67932"}],"wp:term":[{"taxonomy":"category","embeddable":true,"href":"https:\/\/themexicopost.com\/index.php?rest_route=%2Fwp%2Fv2%2Fcategories&post=67932"},{"taxonomy":"post_tag","embeddable":true,"href":"https:\/\/themexicopost.com\/index.php?rest_route=%2Fwp%2Fv2%2Ftags&post=67932"}],"curies":[{"name":"wp","href":"https:\/\/api.w.org\/{rel}","templated":true}]}}