{"id":67935,"date":"2025-09-22T07:46:09","date_gmt":"2025-09-22T13:46:09","guid":{"rendered":"https:\/\/themexicopost.com\/?p=67935"},"modified":"2025-09-22T07:46:12","modified_gmt":"2025-09-22T13:46:12","slug":"hospitalizan-a-tom-holland-de-emergencia-por-conmocion-cerebral","status":"publish","type":"post","link":"https:\/\/themexicopost.com\/?p=67935","title":{"rendered":"Hospitalizan a Tom Holland de emergencia por conmoci\u00f3n cerebral"},"content":{"rendered":"\n<figure class=\"wp-block-pullquote\"><blockquote><p>El actor sufri\u00f3 una conmoci\u00f3n cerebral durante una escena de riesgo en el set de Spiderman: Brand New Day<\/p><\/blockquote><\/figure>\n\n\n\n<p class=\"has-drop-cap\">La filmaci\u00f3n de Spider-Man: Brand New Day, se vio interrumpida luego de que su protagonista, Tom Holland, sufriera una conmoci\u00f3n cerebral leve durante una escena de riesgo en el set ubicado en Glasgow, Escocia.<br><\/p>\n\n\n\n<p>Seg\u00fan confirm\u00f3 Deadline, la producci\u00f3n suspendi\u00f3 temporalmente las grabaciones el viernes mientras el actor recib\u00eda atenci\u00f3n m\u00e9dica.<br><\/p>\n\n\n\n<p>Holland se mantiene en observaci\u00f3n, fuentes cercanas se\u00f1alaron que el descanso es \u00fanicamente por precauci\u00f3n y que se espera que Holland retome el rodaje en unos d\u00edas.<br><\/p>\n\n\n\n<p>El incidente se produjo durante la ejecuci\u00f3n de una secuencia de acci\u00f3n que no sali\u00f3 como estaba planeada.<br><\/p>\n\n\n\n<p>Holland fue hospitalizado y poco despu\u00e9s dado de alta, asistiendo incluso a un evento ben\u00e9fico en compa\u00f1\u00eda de su coprotagonista y prometida Zendaya durante el fin de semana.<br><\/p>\n\n\n\n<p>Nadie m\u00e1s del equipo de producci\u00f3n result\u00f3 afectado, y la producci\u00f3n ya ha programado reuniones para reorganizar el calendario de grabaci\u00f3n tras la breve pausa.<br><\/p>\n\n\n\n<p>Antes de que comenzara el rodaje en Escocia, Holland hab\u00eda expresado su entusiasmo por volver a filmar en escenarios reales, tras el confinamiento de Spider-Man: No Way Home (2021), rodada casi en su totalidad en estudios de sonido debido a la pandemia de covid-19.<br><\/p>\n\n\n\n<p>Spider-Man: Brand New Day tiene previsto su estreno mundial el 24 de julio de 2026, dentro del calendario de estrenos de verano de Sony Pictures.<br><\/p>\n\n\n\n<p>El proyecto est\u00e1 dirigido por Destin Daniel Cretton, responsable de Shang-Chi y la Leyenda de los Diez Anillos, y cuenta con la producci\u00f3n de Amy Pascal y Kevin Feige, presidente de Marvel Studios.<br><\/p>\n\n\n\n<p>Adem\u00e1s del regreso de Zendaya como MJ, el elenco incorpora a Sadie Sink y Liza Col\u00f3n-Zayas, cuyos papeles a\u00fan no han sido revelados oficialmente.<br><\/p>\n\n\n\n<p>El accidente de Holland ha generado inquietud entre los seguidores, pero al tratarse de una lesi\u00f3n leve, la producci\u00f3n conf\u00eda en que el retraso sea m\u00ednimo.<\/p>\n","protected":false},"excerpt":{"rendered":"<p>El actor sufri\u00f3 una conmoci\u00f3n cerebral durante una escena de riesgo en el set de Spiderman: Brand New Day La filmaci\u00f3n de Spider-Man: Brand New Day, se vio interrumpida luego de que su protagonista, Tom Holland, sufriera una conmoci\u00f3n cerebral leve durante una escena de riesgo en el set ubicado en Glasgow, Escocia. Seg\u00fan confirm\u00f3 [&hellip;]<\/p>\n","protected":false},"author":1,"featured_media":67936,"comment_status":"closed","ping_status":"closed","sticky":false,"template":"","format":"standard","meta":{"footnotes":""},"categories":[83,78],"tags":[],"class_list":["post-67935","post","type-post","status-publish","format-standard","has-post-thumbnail","hentry","category-destacado","category-espectaculos"],"_links":{"self":[{"href":"https:\/\/themexicopost.com\/index.php?rest_route=\/wp\/v2\/posts\/67935","targetHints":{"allow":["GET"]}}],"collection":[{"href":"https:\/\/themexicopost.com\/index.php?rest_route=\/wp\/v2\/posts"}],"about":[{"href":"https:\/\/themexicopost.com\/index.php?rest_route=\/wp\/v2\/types\/post"}],"author":[{"embeddable":true,"href":"https:\/\/themexicopost.com\/index.php?rest_route=\/wp\/v2\/users\/1"}],"replies":[{"embeddable":true,"href":"https:\/\/themexicopost.com\/index.php?rest_route=%2Fwp%2Fv2%2Fcomments&post=67935"}],"version-history":[{"count":1,"href":"https:\/\/themexicopost.com\/index.php?rest_route=\/wp\/v2\/posts\/67935\/revisions"}],"predecessor-version":[{"id":67937,"href":"https:\/\/themexicopost.com\/index.php?rest_route=\/wp\/v2\/posts\/67935\/revisions\/67937"}],"wp:featuredmedia":[{"embeddable":true,"href":"https:\/\/themexicopost.com\/index.php?rest_route=\/wp\/v2\/media\/67936"}],"wp:attachment":[{"href":"https:\/\/themexicopost.com\/index.php?rest_route=%2Fwp%2Fv2%2Fmedia&parent=67935"}],"wp:term":[{"taxonomy":"category","embeddable":true,"href":"https:\/\/themexicopost.com\/index.php?rest_route=%2Fwp%2Fv2%2Fcategories&post=67935"},{"taxonomy":"post_tag","embeddable":true,"href":"https:\/\/themexicopost.com\/index.php?rest_route=%2Fwp%2Fv2%2Ftags&post=67935"}],"curies":[{"name":"wp","href":"https:\/\/api.w.org\/{rel}","templated":true}]}}