{"id":69162,"date":"2025-10-08T08:36:09","date_gmt":"2025-10-08T14:36:09","guid":{"rendered":"https:\/\/themexicopost.com\/?p=69162"},"modified":"2025-10-08T08:36:12","modified_gmt":"2025-10-08T14:36:12","slug":"prohibira-dinamarca-uso-de-redes-sociales-a-menores-de-15-anos","status":"publish","type":"post","link":"https:\/\/themexicopost.com\/?p=69162","title":{"rendered":"Prohibir\u00e1 Dinamarca uso de redes sociales a menores de 15 a\u00f1os"},"content":{"rendered":"\n<figure class=\"wp-block-pullquote\"><blockquote><p>-La primera ministra Mette Frederiksen anunci\u00f3 que su gobierno propondr\u00e1 vetar el uso de redes sociales a menores de 15 a\u00f1os.<\/p><\/blockquote><\/figure>\n\n\n\n<p class=\"has-drop-cap\">Dinamarca prohibir\u00e1 el uso de redes sociales a los menores de 15 a\u00f1os, anunci\u00f3 la primera ministra, Mette Frederiksen, en la apertura de la sesi\u00f3n parlamentaria.<br><\/p>\n\n\n\n<p>&#8220;El gobierno propondr\u00e1 prohibir varias redes sociales a los ni\u00f1os y j\u00f3venes menores de 15 a\u00f1os&#8221;, declar\u00f3 en su discurso.<br><\/p>\n\n\n\n<p>El proyecto de ley, que se presentar\u00e1 en una fecha a\u00fan no precisada, indica que en algunos casos los j\u00f3venes podr\u00e1n utilizar redes a partir de 13 a\u00f1os pero solo con la autorizaci\u00f3n de los padres.<br><\/p>\n\n\n\n<p>&#8220;El tel\u00e9fono m\u00f3vil y las redes sociales roban la infancia de nuestros hijos&#8221;, dijo la primera ministra, indicando que el 60 % de los j\u00f3venes de entre 11 y 19 a\u00f1os eligen quedarse en casa durante su tiempo libre en vez de salir a ver a sus amigos. El gobierno no indic\u00f3 como se controlar\u00e1 la prohibici\u00f3n.<br><\/p>\n\n\n\n<p>A nivel internacional, Australia es uno de los pa\u00edses pioneros en la regulaci\u00f3n de internet y su Parlamento aprob\u00f3 en 2024 una ley que proh\u00edbe redes sociales como TikTok, X, Facebook o Instagram a los menores de 16 a\u00f1os.<br><\/p>\n\n\n\n<p>En junio, Grecia propuso fijar una edad de mayor\u00eda digital en toda la Uni\u00f3n Europea, por debajo de la cual los ni\u00f1os no podr\u00edan acceder a las redes sociales sin el consentimiento de sus padres.<\/p>\n","protected":false},"excerpt":{"rendered":"<p>-La primera ministra Mette Frederiksen anunci\u00f3 que su gobierno propondr\u00e1 vetar el uso de redes sociales a menores de 15 a\u00f1os. Dinamarca prohibir\u00e1 el uso de redes sociales a los menores de 15 a\u00f1os, anunci\u00f3 la primera ministra, Mette Frederiksen, en la apertura de la sesi\u00f3n parlamentaria. &#8220;El gobierno propondr\u00e1 prohibir varias redes sociales a [&hellip;]<\/p>\n","protected":false},"author":1,"featured_media":69163,"comment_status":"closed","ping_status":"closed","sticky":false,"template":"","format":"standard","meta":{"footnotes":""},"categories":[83,80,85],"tags":[],"class_list":["post-69162","post","type-post","status-publish","format-standard","has-post-thumbnail","hentry","category-destacado","category-mundo","category-portada"],"_links":{"self":[{"href":"https:\/\/themexicopost.com\/index.php?rest_route=\/wp\/v2\/posts\/69162","targetHints":{"allow":["GET"]}}],"collection":[{"href":"https:\/\/themexicopost.com\/index.php?rest_route=\/wp\/v2\/posts"}],"about":[{"href":"https:\/\/themexicopost.com\/index.php?rest_route=\/wp\/v2\/types\/post"}],"author":[{"embeddable":true,"href":"https:\/\/themexicopost.com\/index.php?rest_route=\/wp\/v2\/users\/1"}],"replies":[{"embeddable":true,"href":"https:\/\/themexicopost.com\/index.php?rest_route=%2Fwp%2Fv2%2Fcomments&post=69162"}],"version-history":[{"count":1,"href":"https:\/\/themexicopost.com\/index.php?rest_route=\/wp\/v2\/posts\/69162\/revisions"}],"predecessor-version":[{"id":69164,"href":"https:\/\/themexicopost.com\/index.php?rest_route=\/wp\/v2\/posts\/69162\/revisions\/69164"}],"wp:featuredmedia":[{"embeddable":true,"href":"https:\/\/themexicopost.com\/index.php?rest_route=\/wp\/v2\/media\/69163"}],"wp:attachment":[{"href":"https:\/\/themexicopost.com\/index.php?rest_route=%2Fwp%2Fv2%2Fmedia&parent=69162"}],"wp:term":[{"taxonomy":"category","embeddable":true,"href":"https:\/\/themexicopost.com\/index.php?rest_route=%2Fwp%2Fv2%2Fcategories&post=69162"},{"taxonomy":"post_tag","embeddable":true,"href":"https:\/\/themexicopost.com\/index.php?rest_route=%2Fwp%2Fv2%2Ftags&post=69162"}],"curies":[{"name":"wp","href":"https:\/\/api.w.org\/{rel}","templated":true}]}}