{"id":69165,"date":"2025-10-08T08:38:09","date_gmt":"2025-10-08T14:38:09","guid":{"rendered":"https:\/\/themexicopost.com\/?p=69165"},"modified":"2025-10-08T08:38:15","modified_gmt":"2025-10-08T14:38:15","slug":"se-manifiestan-en-brasil-para-pedir-amnistia-para-bolsonaro","status":"publish","type":"post","link":"https:\/\/themexicopost.com\/?p=69165","title":{"rendered":"Se manifiestan en Brasil para pedir amnist\u00eda para Bolsonaro"},"content":{"rendered":"\n<figure class=\"wp-block-pullquote\"><blockquote><p>-Los seguidores del expresidente, vestidos de verde y amarillo, caminaron por las calles de Brasilia y coreaban al un\u00edsono \u201camnist\u00eda ya\u201d.<\/p><\/blockquote><\/figure>\n\n\n\n<p class=\"has-drop-cap\">Cientos de seguidores de Jair Bolsonaro marcharon en Brasilia para exigir una amnist\u00eda para el expresidente, sentenciado en septiembre a 27 a\u00f1os de c\u00e1rcel por una intentona golpista.<br><\/p>\n\n\n\n<p>En la primera manifestaci\u00f3n luego de la condena contra Bolsonaro, sus simpatizantes caminaron hasta el parlamento brasile\u00f1o, al que urgieron a aprobar un instrumento que evite a su l\u00edder purgar la pena.<br><\/p>\n\n\n\n<p>Bolsonaro fue hallado culpable de conspirar para impedir la asunci\u00f3n del presidente Luiz In\u00e1cio Lula da Silva tras las elecciones de octubre de 2022.<br><\/p>\n\n\n\n<p>&#8220;Vamos a caminar juntos para que el Congreso oiga nuestra voz. Estamos a un paso de lograr aprobar esa amnist\u00eda&#8221;, areng\u00f3 desde un bus con altoparlantes el senador Flavio Bolsonaro, uno de los hijos de Jair Bolsonaro.<br><\/p>\n\n\n\n<p>Frente a \u00e9l una multitud vestida de verde y amarillo, los colores de la bandera nacional, coreaba &#8220;\u00a1Amnist\u00eda ya!&#8221;.<br><\/p>\n\n\n\n<figure class=\"wp-block-image size-large\"><img fetchpriority=\"high\" decoding=\"async\" width=\"1024\" height=\"684\" src=\"https:\/\/themexicopost.com\/wp-content\/uploads\/2025\/10\/se-manifiestan-1024x684.jpg\" alt=\"\" class=\"wp-image-69167\" srcset=\"https:\/\/themexicopost.com\/wp-content\/uploads\/2025\/10\/se-manifiestan-1024x684.jpg 1024w, https:\/\/themexicopost.com\/wp-content\/uploads\/2025\/10\/se-manifiestan-300x201.jpg 300w, https:\/\/themexicopost.com\/wp-content\/uploads\/2025\/10\/se-manifiestan-768x513.jpg 768w, https:\/\/themexicopost.com\/wp-content\/uploads\/2025\/10\/se-manifiestan.jpg 1200w\" sizes=\"(max-width: 1024px) 100vw, 1024px\" \/><\/figure>\n\n\n\n<p>Jair Bolsonaro, de 70 a\u00f1os, est\u00e1 en prisi\u00f3n domiciliaria desde agosto por un presunto intento de obstruir el juicio en su contra. Por la misma raz\u00f3n, el principal l\u00edder de la derecha y la ultraderecha brasile\u00f1a tiene prohibido expresarse en redes sociales.<br><\/p>\n\n\n\n<p>&#8220;Este es el mensaje que el presidente Bolsonaro quiere dar a cada uno de ustedes, y puedo hablar a nombre de \u00e9l: as\u00ed como \u00e9l nunca baj\u00f3 la cabeza, nosotros no vamos a bajar la cabeza&#8221;, agreg\u00f3 Flavio Bolsonaro.<br><\/p>\n\n\n\n<p>La c\u00e1mara baja aprob\u00f3 a finales de septiembre una moci\u00f3n de urgencia para el proyecto de amnist\u00eda, que beneficiar\u00eda a Bolsonaro as\u00ed como a sus seguidores condenados por la asonada de enero de 2023 contra las sedes de los poderes p\u00fablicos en Brasilia.<br><\/p>\n\n\n\n<p>Sin embargo, la iniciativa perdi\u00f3 impulso luego de multitudinarias protestas en su contra. En su versi\u00f3n m\u00e1s reciente, el proyecto contempla apenas una reducci\u00f3n de pena y a\u00fan no hay fecha para su votaci\u00f3n.<br><\/p>\n\n\n\n<p>El exmandatario tambi\u00e9n enfrent\u00f3 un rev\u00e9s en el plano internacional el lunes, con una conversaci\u00f3n telef\u00f3nica entre su mayor aliado, el expresidente estadounidense Donald Trump, y Lula.<br><\/p>\n\n\n\n<p>Trump impuso en agosto aranceles del 50% a Brasil argumentando que la justicia lleva adelante una &#8220;caza de brujas&#8221; contra Bolsonaro. Pero abri\u00f3 la puerta a una negociaci\u00f3n con el gobierno brasile\u00f1o luego de un breve encuentro personal con Lula durante la Asamblea General de Naciones Unidas. La defensa de Bolsonaro ha anunciado que apelar\u00e1 el fallo de la corte suprema.<\/p>\n","protected":false},"excerpt":{"rendered":"<p>-Los seguidores del expresidente, vestidos de verde y amarillo, caminaron por las calles de Brasilia y coreaban al un\u00edsono \u201camnist\u00eda ya\u201d. Cientos de seguidores de Jair Bolsonaro marcharon en Brasilia para exigir una amnist\u00eda para el expresidente, sentenciado en septiembre a 27 a\u00f1os de c\u00e1rcel por una intentona golpista. En la primera manifestaci\u00f3n luego de [&hellip;]<\/p>\n","protected":false},"author":1,"featured_media":69166,"comment_status":"closed","ping_status":"closed","sticky":false,"template":"","format":"standard","meta":{"footnotes":""},"categories":[83,80,85],"tags":[],"class_list":["post-69165","post","type-post","status-publish","format-standard","has-post-thumbnail","hentry","category-destacado","category-mundo","category-portada"],"_links":{"self":[{"href":"https:\/\/themexicopost.com\/index.php?rest_route=\/wp\/v2\/posts\/69165","targetHints":{"allow":["GET"]}}],"collection":[{"href":"https:\/\/themexicopost.com\/index.php?rest_route=\/wp\/v2\/posts"}],"about":[{"href":"https:\/\/themexicopost.com\/index.php?rest_route=\/wp\/v2\/types\/post"}],"author":[{"embeddable":true,"href":"https:\/\/themexicopost.com\/index.php?rest_route=\/wp\/v2\/users\/1"}],"replies":[{"embeddable":true,"href":"https:\/\/themexicopost.com\/index.php?rest_route=%2Fwp%2Fv2%2Fcomments&post=69165"}],"version-history":[{"count":1,"href":"https:\/\/themexicopost.com\/index.php?rest_route=\/wp\/v2\/posts\/69165\/revisions"}],"predecessor-version":[{"id":69168,"href":"https:\/\/themexicopost.com\/index.php?rest_route=\/wp\/v2\/posts\/69165\/revisions\/69168"}],"wp:featuredmedia":[{"embeddable":true,"href":"https:\/\/themexicopost.com\/index.php?rest_route=\/wp\/v2\/media\/69166"}],"wp:attachment":[{"href":"https:\/\/themexicopost.com\/index.php?rest_route=%2Fwp%2Fv2%2Fmedia&parent=69165"}],"wp:term":[{"taxonomy":"category","embeddable":true,"href":"https:\/\/themexicopost.com\/index.php?rest_route=%2Fwp%2Fv2%2Fcategories&post=69165"},{"taxonomy":"post_tag","embeddable":true,"href":"https:\/\/themexicopost.com\/index.php?rest_route=%2Fwp%2Fv2%2Ftags&post=69165"}],"curies":[{"name":"wp","href":"https:\/\/api.w.org\/{rel}","templated":true}]}}