{"id":69471,"date":"2025-10-14T07:56:29","date_gmt":"2025-10-14T13:56:29","guid":{"rendered":"https:\/\/themexicopost.com\/?p=69471"},"modified":"2025-10-14T07:56:37","modified_gmt":"2025-10-14T13:56:37","slug":"llega-f1-la-pelicula-al-streaming","status":"publish","type":"post","link":"https:\/\/themexicopost.com\/?p=69471","title":{"rendered":"Llega \u201cF1: La pel\u00edcula\u201d al streaming"},"content":{"rendered":"\n<figure class=\"wp-block-pullquote\"><blockquote><p>Se anunci\u00f3 que tras su exitoso paso por las salas de cine ahora alista su llegada a las pantallas de los hogares.<\/p><\/blockquote><\/figure>\n\n\n\n<p class=\"has-drop-cap\">F1: La pel\u00edcula, filme basado en las carreras de la F\u00f3rmula 1, y que sobresali\u00f3 por su impresionante producci\u00f3n, adem\u00e1s de contar con la participaci\u00f3n de pilotos y equipos reales. La pel\u00edcula acumul\u00f3 m\u00e1s de 628 millones de d\u00f3lares y es considerada un \u00e9xito en taquilla.<br><\/p>\n\n\n\n<p>Ahora llegar\u00e1 de manera global a trav\u00e9s de la renovada plataforma de Apple TV el pr\u00f3ximo 12 de diciembre, seg\u00fan inform\u00f3 Variety.<br><\/p>\n\n\n\n<p>A trav\u00e9s de un comunicado el director de F1, Joseph Kosinski, dijo sentirse emocionado de ver pr\u00f3ximamente su pel\u00edcula a trav\u00e9s de la plataforma de Apple TV.<br><\/p>\n\n\n\n<p>\u201cHa sido emocionante ver al p\u00fablico de todo el mundo disfrutar de \u2018F1: La Pel\u00edcula\u2019 en los cines, ahora, estamos sumamente emocionados de llevar esta emocionante aventura cinematogr\u00e1fica a los fans de todo el mundo a trav\u00e9s del alcance global inigualable de Apple TV&#8221;\u201d, dijo el productor Jerry Bruckheimer.<br><\/p>\n\n\n\n<p>El cineasta expres\u00f3 su deseo porque los fans puedan disfrutar esta experiencia \u00fanica a trav\u00e9s de la plataforma de streaming de Apple.<br><\/p>\n\n\n\n<p>En junio, el actor Brad Pitt visit\u00f3 la CDMX junto con el elenco de \u201cF1: La pel\u00edcula\u201d, ambientada en el mundo de las carreras. El evento se realiz\u00f3 en Parque Toreo, donde cientos de fans acudieron para ver a la estrella de cine.<br><\/p>\n\n\n\n<p>Entre los asistentes se encontraban el director Joseph Kosinski, la actriz Kerry Condon y los productores Jeremy Kleiner y Damson Idris, quienes posaron para las c\u00e1maras y convivieron con el p\u00fablico mexicano.Brad Pitt tambi\u00e9n estuvo presente en el Gran Premio de M\u00e9xico en octubre de 2024, donde film\u00f3 algunas escenas que posteriormente aparecieron en la pel\u00edcula, mostrando al p\u00fablico mexicano y el Aut\u00f3dromo Hermanos Rodr\u00edguez.<br><\/p>\n\n\n\n<p>La pel\u00edcula sigue la historia de Sonny Hayes (Brad Pitt), un ex conductor que la F\u00f3rmula 1 que tras un accidente decide retirarse de las carreras.<br><\/p>\n\n\n\n<p>Ahora 30 a\u00f1os despu\u00e9s, su excompa\u00f1ero, Ruben Cervantes (Javier Bardem), decide darle una segunda oportunidad para unirse al equipo de APXGP.<br><\/p>\n\n\n\n<p>Sonny Hayes tendr\u00e1 que unir fuerzas y correr junto al novato Joshua Pearce (Damson Idris), y enfrentar su doloroso pasado para ser reconocido en la F1.<\/p>\n","protected":false},"excerpt":{"rendered":"<p>Se anunci\u00f3 que tras su exitoso paso por las salas de cine ahora alista su llegada a las pantallas de los hogares. F1: La pel\u00edcula, filme basado en las carreras de la F\u00f3rmula 1, y que sobresali\u00f3 por su impresionante producci\u00f3n, adem\u00e1s de contar con la participaci\u00f3n de pilotos y equipos reales. La pel\u00edcula acumul\u00f3 [&hellip;]<\/p>\n","protected":false},"author":1,"featured_media":69472,"comment_status":"closed","ping_status":"closed","sticky":false,"template":"","format":"standard","meta":{"footnotes":""},"categories":[83,78],"tags":[],"class_list":["post-69471","post","type-post","status-publish","format-standard","has-post-thumbnail","hentry","category-destacado","category-espectaculos"],"_links":{"self":[{"href":"https:\/\/themexicopost.com\/index.php?rest_route=\/wp\/v2\/posts\/69471","targetHints":{"allow":["GET"]}}],"collection":[{"href":"https:\/\/themexicopost.com\/index.php?rest_route=\/wp\/v2\/posts"}],"about":[{"href":"https:\/\/themexicopost.com\/index.php?rest_route=\/wp\/v2\/types\/post"}],"author":[{"embeddable":true,"href":"https:\/\/themexicopost.com\/index.php?rest_route=\/wp\/v2\/users\/1"}],"replies":[{"embeddable":true,"href":"https:\/\/themexicopost.com\/index.php?rest_route=%2Fwp%2Fv2%2Fcomments&post=69471"}],"version-history":[{"count":1,"href":"https:\/\/themexicopost.com\/index.php?rest_route=\/wp\/v2\/posts\/69471\/revisions"}],"predecessor-version":[{"id":69473,"href":"https:\/\/themexicopost.com\/index.php?rest_route=\/wp\/v2\/posts\/69471\/revisions\/69473"}],"wp:featuredmedia":[{"embeddable":true,"href":"https:\/\/themexicopost.com\/index.php?rest_route=\/wp\/v2\/media\/69472"}],"wp:attachment":[{"href":"https:\/\/themexicopost.com\/index.php?rest_route=%2Fwp%2Fv2%2Fmedia&parent=69471"}],"wp:term":[{"taxonomy":"category","embeddable":true,"href":"https:\/\/themexicopost.com\/index.php?rest_route=%2Fwp%2Fv2%2Fcategories&post=69471"},{"taxonomy":"post_tag","embeddable":true,"href":"https:\/\/themexicopost.com\/index.php?rest_route=%2Fwp%2Fv2%2Ftags&post=69471"}],"curies":[{"name":"wp","href":"https:\/\/api.w.org\/{rel}","templated":true}]}}