{"id":69480,"date":"2025-10-14T07:59:22","date_gmt":"2025-10-14T13:59:22","guid":{"rendered":"https:\/\/themexicopost.com\/?p=69480"},"modified":"2025-10-14T07:59:29","modified_gmt":"2025-10-14T13:59:29","slug":"clara-brugada-invita-a-disfrutar-la-xxv-feria-internacional-del-libro-en-el-zocalo","status":"publish","type":"post","link":"https:\/\/themexicopost.com\/?p=69480","title":{"rendered":"Clara Brugada invita a disfrutar la XXV Feria Internacional del Libro en el Z\u00f3calo"},"content":{"rendered":"\n<figure class=\"wp-block-pullquote\"><blockquote><p>Permanecer\u00e1 abierta hasta el 19 de octubre, de las 10 de la ma\u00f1ana a las 21:00 horas.<\/p><\/blockquote><\/figure>\n\n\n\n<p class=\"has-drop-cap\">La Jefa de Gobierno de la Ciudad de M\u00e9xico, Clara Brugada Molina, recorri\u00f3 la Feria Internacional del Libro en el Z\u00f3calo capitalino, donde celebr\u00f3 el gran \u00e9xito de la XXV edici\u00f3n e invit\u00f3 a la ciudadan\u00eda a participar en las m\u00e1s de 400 actividades literarias y l\u00fadicas, de debate y reflexi\u00f3n que ofrece este encuentro cultural.<br><\/p>\n\n\n\n<p>Brugada Molina reconoci\u00f3 el trabajo de la Brigada para Leer en Libertad, encabezada por Paloma Saiz Tejero, promotora hist\u00f3rica de la lectura en el pa\u00eds.<br><\/p>\n\n\n\n<p>La mandataria capitalina tambi\u00e9n agradeci\u00f3 la participaci\u00f3n de las 394 editoriales y casi 500 sellos editoriales presentes, que acercan la literatura a las y los habitantes de la capital.<br><\/p>\n\n\n\n<p>Asimismo, comparti\u00f3 que este a\u00f1o la feria cuenta con espacios dedicados a ni\u00f1as y ni\u00f1os, como una ludoteca y una bebeteca, donde las familias pueden leer y jugar con los m\u00e1s peque\u00f1os. \u201cFelicidades al pueblo de la Ciudad de M\u00e9xico por tener la mejor feria del libro del pa\u00eds\u201d, concluy\u00f3.<br><\/p>\n\n\n\n<p>Por su parte, Paloma Saiz Tejero, fundadora de la Brigada para Leer en Libertad, reconoci\u00f3 el apoyo del gobierno capitalino y de la Secretar\u00eda de Cultura para hacer posible este evento.<br><\/p>\n\n\n\n<p>Saiz Tejero subray\u00f3 que la Feria del Libro del Z\u00f3calo es un verdadero espacio de encuentro entre quienes viven y visitan la Ciudad de M\u00e9xico, \u201cun lugar donde la gente no s\u00f3lo compra libros o escucha escritores, sino tambi\u00e9n voces inteligentes que debaten los temas que nos interesan\u201d.<br><\/p>\n\n\n\n<p>Destac\u00f3, adem\u00e1s, que a lo largo de la semana se regalar\u00e1n ejemplares de libros durante las presentaciones programadas e invit\u00f3 al p\u00fablico a visitar la Cocina Literaria, un espacio innovador de cultura comunitaria \u201cdonde se mezclan la gastronom\u00eda mexicana con las letras, las especies con las palabras\u201d, expres\u00f3.<br><\/p>\n\n\n\n<p>La Feria Internacional del Libro en el Z\u00f3calo permanecer\u00e1 abierta hasta el 19 de octubre, de las 10 de la ma\u00f1ana a las 21:00 horas, con actividades para todas las edades y una amplia oferta editorial para celebrar la lectura en la Ciudad de M\u00e9xico.<\/p>\n","protected":false},"excerpt":{"rendered":"<p>Permanecer\u00e1 abierta hasta el 19 de octubre, de las 10 de la ma\u00f1ana a las 21:00 horas. La Jefa de Gobierno de la Ciudad de M\u00e9xico, Clara Brugada Molina, recorri\u00f3 la Feria Internacional del Libro en el Z\u00f3calo capitalino, donde celebr\u00f3 el gran \u00e9xito de la XXV edici\u00f3n e invit\u00f3 a la ciudadan\u00eda a participar [&hellip;]<\/p>\n","protected":false},"author":1,"featured_media":69481,"comment_status":"closed","ping_status":"closed","sticky":false,"template":"","format":"standard","meta":{"footnotes":""},"categories":[82,83],"tags":[],"class_list":["post-69480","post","type-post","status-publish","format-standard","has-post-thumbnail","hentry","category-cdmx","category-destacado"],"_links":{"self":[{"href":"https:\/\/themexicopost.com\/index.php?rest_route=\/wp\/v2\/posts\/69480","targetHints":{"allow":["GET"]}}],"collection":[{"href":"https:\/\/themexicopost.com\/index.php?rest_route=\/wp\/v2\/posts"}],"about":[{"href":"https:\/\/themexicopost.com\/index.php?rest_route=\/wp\/v2\/types\/post"}],"author":[{"embeddable":true,"href":"https:\/\/themexicopost.com\/index.php?rest_route=\/wp\/v2\/users\/1"}],"replies":[{"embeddable":true,"href":"https:\/\/themexicopost.com\/index.php?rest_route=%2Fwp%2Fv2%2Fcomments&post=69480"}],"version-history":[{"count":1,"href":"https:\/\/themexicopost.com\/index.php?rest_route=\/wp\/v2\/posts\/69480\/revisions"}],"predecessor-version":[{"id":69482,"href":"https:\/\/themexicopost.com\/index.php?rest_route=\/wp\/v2\/posts\/69480\/revisions\/69482"}],"wp:featuredmedia":[{"embeddable":true,"href":"https:\/\/themexicopost.com\/index.php?rest_route=\/wp\/v2\/media\/69481"}],"wp:attachment":[{"href":"https:\/\/themexicopost.com\/index.php?rest_route=%2Fwp%2Fv2%2Fmedia&parent=69480"}],"wp:term":[{"taxonomy":"category","embeddable":true,"href":"https:\/\/themexicopost.com\/index.php?rest_route=%2Fwp%2Fv2%2Fcategories&post=69480"},{"taxonomy":"post_tag","embeddable":true,"href":"https:\/\/themexicopost.com\/index.php?rest_route=%2Fwp%2Fv2%2Ftags&post=69480"}],"curies":[{"name":"wp","href":"https:\/\/api.w.org\/{rel}","templated":true}]}}