{"id":69492,"date":"2025-10-14T08:02:33","date_gmt":"2025-10-14T14:02:33","guid":{"rendered":"https:\/\/themexicopost.com\/?p=69492"},"modified":"2025-10-14T08:02:43","modified_gmt":"2025-10-14T14:02:43","slug":"inician-con-censo-casa-por-casa-en-zonas-afectadas-por-las-lluvias-en-hidalgo-puebla-san-luis-potosi-veracruz-y-queretaro","status":"publish","type":"post","link":"https:\/\/themexicopost.com\/?p=69492","title":{"rendered":"Inician con censo Casa por Casa en zonas afectadas por las lluvias en Hidalgo, Puebla, San Luis Potos\u00ed, Veracruz y Quer\u00e9taro"},"content":{"rendered":"\n<figure class=\"wp-block-pullquote\"><blockquote><p>-3 mil servidores de la naci\u00f3n visitar\u00e1n las zonas afectadas, estar\u00e1n plenamente identificados con su chaleco y gafete oficial, inform\u00f3 la secretaria de Bienestar, Ariadna Montiel Reyes<\/p><\/blockquote><\/figure>\n\n\n\n<p class=\"has-drop-cap\">La secretaria de Bienestar, Ariadna Montiel Reyes, inform\u00f3 que, a trav\u00e9s del Programa para el Bienestar de las Personas en Emergencia Social o Natural (PESN), 600 brigadas para el bienestar con 3 mil servidores de la naci\u00f3n iniciaron el Censo de Bienestar casa por casa para apoyar a las familias de las zonas afectadas por las intensas lluvias registradas en d\u00edas pasados, en los estados de Veracruz, Hidalgo, Quer\u00e9taro, San Luis Potos\u00ed y Puebla.<br><\/p>\n\n\n\n<p>Explic\u00f3 que como parte del censo, las y los servidores de la naci\u00f3n llenan un formato en el que se registran: datos personales; integrantes de la familia; da\u00f1os o p\u00e9rdidas; vivienda; servicios de la vivienda; mobiliario y art\u00edculos del hogar; agricultura; ganader\u00eda y pesca; locales comerciales; as\u00ed como datos y propiedad del inmueble.<br><\/p>\n\n\n\n<p>Abund\u00f3 que una vez realizado el censo, los servidores de la naci\u00f3n entregan un cintillo del censo como comprobante del registro, el cual debe ser conservado por las personas censadas para recibir los apoyos, y posteriormente se coloca una etiqueta de \u201cVivienda censada\u201d.<br><\/p>\n\n\n\n<p>Coment\u00f3 que por instrucciones de la Presidenta de M\u00e9xico, Claudia Sheinbaum Pardo, esta misma semana se entregar\u00e1 el primer apoyo, y al mismo tiempo continuar\u00e1 el Censo de Bienestar.<br><\/p>\n\n\n\n<p>Ariadna Montiel agreg\u00f3 que conforme al an\u00e1lisis del censo se entregar\u00e1n los siguientes apoyos, entre los que destaca la entrega de un paquete de enseres que contiene refrigerador, estufa, colch\u00f3n, vajilla, ventilador; asimismo se\u00f1al\u00f3 que llegar\u00e1n a todas las viviendas y se avanzar\u00e1 a pie de tierra y a veh\u00edculo a todas las zonas conforme se vaya teniendo acceso.<br><\/p>\n\n\n\n<p>Montiel Reyes a\u00f1adi\u00f3 que los servidores de la naci\u00f3n est\u00e1n plenamente identificados con su chaleco y gafete oficial y exhort\u00f3 a la poblaci\u00f3n a seguir las recomendaciones de las autoridades de Protecci\u00f3n Civil federal y estatales, as\u00ed como a mantenerse informada a trav\u00e9s de las redes oficiales.<\/p>\n","protected":false},"excerpt":{"rendered":"<p>-3 mil servidores de la naci\u00f3n visitar\u00e1n las zonas afectadas, estar\u00e1n plenamente identificados con su chaleco y gafete oficial, inform\u00f3 la secretaria de Bienestar, Ariadna Montiel Reyes La secretaria de Bienestar, Ariadna Montiel Reyes, inform\u00f3 que, a trav\u00e9s del Programa para el Bienestar de las Personas en Emergencia Social o Natural (PESN), 600 brigadas para [&hellip;]<\/p>\n","protected":false},"author":1,"featured_media":69493,"comment_status":"closed","ping_status":"closed","sticky":false,"template":"","format":"standard","meta":{"footnotes":""},"categories":[83,81],"tags":[],"class_list":["post-69492","post","type-post","status-publish","format-standard","has-post-thumbnail","hentry","category-destacado","category-nacional"],"_links":{"self":[{"href":"https:\/\/themexicopost.com\/index.php?rest_route=\/wp\/v2\/posts\/69492","targetHints":{"allow":["GET"]}}],"collection":[{"href":"https:\/\/themexicopost.com\/index.php?rest_route=\/wp\/v2\/posts"}],"about":[{"href":"https:\/\/themexicopost.com\/index.php?rest_route=\/wp\/v2\/types\/post"}],"author":[{"embeddable":true,"href":"https:\/\/themexicopost.com\/index.php?rest_route=\/wp\/v2\/users\/1"}],"replies":[{"embeddable":true,"href":"https:\/\/themexicopost.com\/index.php?rest_route=%2Fwp%2Fv2%2Fcomments&post=69492"}],"version-history":[{"count":1,"href":"https:\/\/themexicopost.com\/index.php?rest_route=\/wp\/v2\/posts\/69492\/revisions"}],"predecessor-version":[{"id":69494,"href":"https:\/\/themexicopost.com\/index.php?rest_route=\/wp\/v2\/posts\/69492\/revisions\/69494"}],"wp:featuredmedia":[{"embeddable":true,"href":"https:\/\/themexicopost.com\/index.php?rest_route=\/wp\/v2\/media\/69493"}],"wp:attachment":[{"href":"https:\/\/themexicopost.com\/index.php?rest_route=%2Fwp%2Fv2%2Fmedia&parent=69492"}],"wp:term":[{"taxonomy":"category","embeddable":true,"href":"https:\/\/themexicopost.com\/index.php?rest_route=%2Fwp%2Fv2%2Fcategories&post=69492"},{"taxonomy":"post_tag","embeddable":true,"href":"https:\/\/themexicopost.com\/index.php?rest_route=%2Fwp%2Fv2%2Ftags&post=69492"}],"curies":[{"name":"wp","href":"https:\/\/api.w.org\/{rel}","templated":true}]}}