{"id":69518,"date":"2025-10-14T08:14:33","date_gmt":"2025-10-14T14:14:33","guid":{"rendered":"https:\/\/themexicopost.com\/?p=69518"},"modified":"2025-10-14T08:14:59","modified_gmt":"2025-10-14T14:14:59","slug":"chocan-trenes-de-alta-velocidaden-eslovaquia","status":"publish","type":"post","link":"https:\/\/themexicopost.com\/?p=69518","title":{"rendered":"Chocan trenes de alta velocidad en Eslovaquia"},"content":{"rendered":"\n<figure class=\"wp-block-pullquote\"><blockquote><p>El siniestro deja decenas de heridos, dos de ellos en estado cr\u00edtico<\/p><\/blockquote><\/figure>\n\n\n\n<p class=\"has-drop-cap\">Dos trenes de alta velocidad colisionaron en el este de Eslovaquia, dejando a decenas de pasajeros heridos, dos de ellos en estado cr\u00edtico, seg\u00fan informaron las autoridades.<br><\/p>\n\n\n\n<p>El accidente ocurri\u00f3 cerca de la localidad de Ro\u017e\u0148ava poco despu\u00e9s de las 10:00 hora local seg\u00fan inform\u00f3 Ferrocarriles Eslovacos.<br><\/p>\n\n\n\n<p>La polic\u00eda eslovaca indic\u00f3 que se estimaba que hab\u00eda unos 80 pasajeros a bordo, pero no ofreci\u00f3 m\u00e1s detalles de inmediato.<br><\/p>\n\n\n\n<p>El ministro del Interior, Mat\u00fa\u0161 \u0160utaj E\u0161tok, declar\u00f3 que dos de los heridos se encontraban en estado cr\u00edtico, mientras que las dem\u00e1s lesiones no eran graves.<br><\/p>\n\n\n\n<p>Las im\u00e1genes de la colisi\u00f3n mostraron la parte delantera de una locomotora gravemente da\u00f1ada, mientras que el otro tren descarril\u00f3.<br><\/p>\n\n\n\n<p>Las autoridades han abierto una investigaci\u00f3n para determinar la causa del accidente. \u0160utaj E\u0161tok sugiri\u00f3 que un error humano podr\u00eda ser la causa.<\/p>\n","protected":false},"excerpt":{"rendered":"<p>El siniestro deja decenas de heridos, dos de ellos en estado cr\u00edtico Dos trenes de alta velocidad colisionaron en el este de Eslovaquia, dejando a decenas de pasajeros heridos, dos de ellos en estado cr\u00edtico, seg\u00fan informaron las autoridades. El accidente ocurri\u00f3 cerca de la localidad de Ro\u017e\u0148ava poco despu\u00e9s de las 10:00 hora local [&hellip;]<\/p>\n","protected":false},"author":1,"featured_media":69519,"comment_status":"closed","ping_status":"closed","sticky":false,"template":"","format":"standard","meta":{"footnotes":""},"categories":[80],"tags":[],"class_list":["post-69518","post","type-post","status-publish","format-standard","has-post-thumbnail","hentry","category-mundo"],"_links":{"self":[{"href":"https:\/\/themexicopost.com\/index.php?rest_route=\/wp\/v2\/posts\/69518","targetHints":{"allow":["GET"]}}],"collection":[{"href":"https:\/\/themexicopost.com\/index.php?rest_route=\/wp\/v2\/posts"}],"about":[{"href":"https:\/\/themexicopost.com\/index.php?rest_route=\/wp\/v2\/types\/post"}],"author":[{"embeddable":true,"href":"https:\/\/themexicopost.com\/index.php?rest_route=\/wp\/v2\/users\/1"}],"replies":[{"embeddable":true,"href":"https:\/\/themexicopost.com\/index.php?rest_route=%2Fwp%2Fv2%2Fcomments&post=69518"}],"version-history":[{"count":2,"href":"https:\/\/themexicopost.com\/index.php?rest_route=\/wp\/v2\/posts\/69518\/revisions"}],"predecessor-version":[{"id":69522,"href":"https:\/\/themexicopost.com\/index.php?rest_route=\/wp\/v2\/posts\/69518\/revisions\/69522"}],"wp:featuredmedia":[{"embeddable":true,"href":"https:\/\/themexicopost.com\/index.php?rest_route=\/wp\/v2\/media\/69519"}],"wp:attachment":[{"href":"https:\/\/themexicopost.com\/index.php?rest_route=%2Fwp%2Fv2%2Fmedia&parent=69518"}],"wp:term":[{"taxonomy":"category","embeddable":true,"href":"https:\/\/themexicopost.com\/index.php?rest_route=%2Fwp%2Fv2%2Fcategories&post=69518"},{"taxonomy":"post_tag","embeddable":true,"href":"https:\/\/themexicopost.com\/index.php?rest_route=%2Fwp%2Fv2%2Ftags&post=69518"}],"curies":[{"name":"wp","href":"https:\/\/api.w.org\/{rel}","templated":true}]}}