{"id":69528,"date":"2025-10-14T08:17:42","date_gmt":"2025-10-14T14:17:42","guid":{"rendered":"https:\/\/themexicopost.com\/?p=69528"},"modified":"2025-10-14T08:17:53","modified_gmt":"2025-10-14T14:17:53","slug":"cerrara-venezuela-sus-embajadas-en-noruega-y-australia","status":"publish","type":"post","link":"https:\/\/themexicopost.com\/?p=69528","title":{"rendered":"Cerrar\u00e1 Venezuela sus embajadas en Noruega y Australia"},"content":{"rendered":"\n<figure class=\"wp-block-pullquote\"><blockquote><p>-El anuncio ocurre pocos d\u00edas despu\u00e9s de que la l\u00edder opositora venezolana Mar\u00eda Corina Machado ganara el Premio Nobel de la Paz por su lucha por la democracia en el pa\u00eds caribe\u00f1o y le dedicara el galard\u00f3n a Trump.<\/p><\/blockquote><\/figure>\n\n\n\n<p class=\"has-drop-cap\">El gobierno de Venezuela anunci\u00f3 que cerrar\u00e1 sus embajadas en Noruega y Australia, y abrir\u00e1 nuevas en Burkina Faso y Zimbabue, como parte de una reestructuraci\u00f3n de su servicio exterior, tras semanas de crecientes tensiones con Estados Unidos.<br><\/p>\n\n\n\n<p>Los cierres forman parte de una reasignaci\u00f3n estrat\u00e9gica de recursos, indic\u00f3 el r\u00e9gimen de Nicol\u00e1s Maduro en un comunicado. Los servicios consulares para los venezolanos en Noruega y Australia ser\u00e1n prestados por misiones diplom\u00e1ticas, cuyos detalles se compartir\u00e1n en los pr\u00f3ximos d\u00edas, agreg\u00f3.<br><\/p>\n\n\n\n<p>El Ministerio de Relaciones Exteriores de Noruega dijo que hab\u00eda recibido la notificaci\u00f3n del cierre de la embajada, pero sin explicaci\u00f3n del motivo. Noruega no tiene embajada en Caracas y gestiona los asuntos locales a trav\u00e9s de su embajada en la capital de la vecina Colombia.<br><\/p>\n\n\n\n<p>&#8220;Esto es lamentable. A pesar de que tenemos diferentes puntos de vista sobre varios temas, Noruega desea mantener abierto el di\u00e1logo con Venezuela y trabajar\u00e1 en ese sentido&#8221;, declar\u00f3 un portavoz.<br><\/p>\n\n\n\n<p>El anuncio se produce pocos d\u00edas despu\u00e9s de que el Comit\u00e9 Nobel en Oslo anunciara que la l\u00edder opositora venezolana Mar\u00eda Corina Machado hab\u00eda ganado el Premio Nobel de la Paz 2025 por su lucha por la democracia en el pa\u00eds caribe\u00f1o. Machado dedic\u00f3 el galard\u00f3n al presidente de Estados Unidos, Donald Trump.<br><\/p>\n\n\n\n<p>&#8220;El Premio Nobel es independiente del gobierno noruego, y en lo que respecta a cuestiones sobre el premio, nos remitimos al Comit\u00e9 Nobel&#8221;, dijo el vocero del Ministerio de Relaciones Exteriores noruego.<\/p>\n","protected":false},"excerpt":{"rendered":"<p>-El anuncio ocurre pocos d\u00edas despu\u00e9s de que la l\u00edder opositora venezolana Mar\u00eda Corina Machado ganara el Premio Nobel de la Paz por su lucha por la democracia en el pa\u00eds caribe\u00f1o y le dedicara el galard\u00f3n a Trump. El gobierno de Venezuela anunci\u00f3 que cerrar\u00e1 sus embajadas en Noruega y Australia, y abrir\u00e1 nuevas [&hellip;]<\/p>\n","protected":false},"author":1,"featured_media":69529,"comment_status":"closed","ping_status":"closed","sticky":false,"template":"","format":"standard","meta":{"footnotes":""},"categories":[83,80],"tags":[],"class_list":["post-69528","post","type-post","status-publish","format-standard","has-post-thumbnail","hentry","category-destacado","category-mundo"],"_links":{"self":[{"href":"https:\/\/themexicopost.com\/index.php?rest_route=\/wp\/v2\/posts\/69528","targetHints":{"allow":["GET"]}}],"collection":[{"href":"https:\/\/themexicopost.com\/index.php?rest_route=\/wp\/v2\/posts"}],"about":[{"href":"https:\/\/themexicopost.com\/index.php?rest_route=\/wp\/v2\/types\/post"}],"author":[{"embeddable":true,"href":"https:\/\/themexicopost.com\/index.php?rest_route=\/wp\/v2\/users\/1"}],"replies":[{"embeddable":true,"href":"https:\/\/themexicopost.com\/index.php?rest_route=%2Fwp%2Fv2%2Fcomments&post=69528"}],"version-history":[{"count":1,"href":"https:\/\/themexicopost.com\/index.php?rest_route=\/wp\/v2\/posts\/69528\/revisions"}],"predecessor-version":[{"id":69530,"href":"https:\/\/themexicopost.com\/index.php?rest_route=\/wp\/v2\/posts\/69528\/revisions\/69530"}],"wp:featuredmedia":[{"embeddable":true,"href":"https:\/\/themexicopost.com\/index.php?rest_route=\/wp\/v2\/media\/69529"}],"wp:attachment":[{"href":"https:\/\/themexicopost.com\/index.php?rest_route=%2Fwp%2Fv2%2Fmedia&parent=69528"}],"wp:term":[{"taxonomy":"category","embeddable":true,"href":"https:\/\/themexicopost.com\/index.php?rest_route=%2Fwp%2Fv2%2Fcategories&post=69528"},{"taxonomy":"post_tag","embeddable":true,"href":"https:\/\/themexicopost.com\/index.php?rest_route=%2Fwp%2Fv2%2Ftags&post=69528"}],"curies":[{"name":"wp","href":"https:\/\/api.w.org\/{rel}","templated":true}]}}