{"id":69707,"date":"2025-10-16T07:46:38","date_gmt":"2025-10-16T13:46:38","guid":{"rendered":"https:\/\/themexicopost.com\/?p=69707"},"modified":"2025-10-16T07:46:45","modified_gmt":"2025-10-16T13:46:45","slug":"dispersa-policia-de-peru-a-manifestantes-con-gas-lacrimogeno","status":"publish","type":"post","link":"https:\/\/themexicopost.com\/?p=69707","title":{"rendered":"Dispersa polic\u00eda de Per\u00fa a manifestantes con gas lacrim\u00f3geno"},"content":{"rendered":"\n<figure class=\"wp-block-pullquote\"><blockquote><p>-Un hombre muri\u00f3 y al menos 100 personas resultaron heridas en enfrentamientos durante una protesta liderada por j\u00f3venes contra el gobierno reci\u00e9n instalado y el Congreso, en Lima.<\/p><\/blockquote><\/figure>\n\n\n\n<p class=\"has-drop-cap\">Al menos un manifestante muri\u00f3 presuntamente por un disparo de arma de fuego durante la multitudinaria protesta contra el Gobierno y el Congreso de Per\u00fa, en Lima, seg\u00fan confirm\u00f3 la Defensor\u00eda del Pueblo, que tambi\u00e9n reporta m\u00e1s de 100 heridos, entre ellos 78 polic\u00edas y 24 manifestantes, as\u00ed como diez detenidos.<br><\/p>\n\n\n\n<p>Miles de personas salieron a protestar contra el Gobierno y el Congreso por la corrupci\u00f3n y el auge de la inseguridad ciudadana, impulsada por el auge del crimen organizado, y tras el ascenso al sill\u00f3n presidencial del presidente del Congreso, Jos\u00e9 Jer\u00ed, tras la destituci\u00f3n de la presidenta Dina Boluarte por parte del Legislativo.<br><\/p>\n\n\n\n<p>La multitud march\u00f3 hacia la sede del legislativo, en el centro de la capital peruana. La protesta en rechazo a la clase pol\u00edtica y contra la ola de extorsiones y asesinatos del crimen organizado deriv\u00f3 en choques entre manifestantes y la fuerza p\u00fablica.<br><\/p>\n\n\n\n<p>&#8220;Lamento el fallecimiento del ciudadano Eduardo Ruiz Sanz de 32 a\u00f1os&#8221;, escribi\u00f3 el presidente Jos\u00e9 Jer\u00ed en X.<br><\/p>\n\n\n\n<p>&#8220;Inici\u00f3 como una manifestaci\u00f3n pac\u00edfica, pero algunos sectores tienen agendas distintas y buscan generar caos&#8221;, hab\u00eda escrito antes Jer\u00ed, en esa red social. &#8220;Las c\u00e1maras de polic\u00eda y la Municipalidad de Lima servir\u00e1n para identificar a los delincuentes que se han infiltrado en una manifestaci\u00f3n pac\u00edfica para generar caos. Todo el peso de la ley para ellos&#8221;, advirti\u00f3 tambi\u00e9n.<\/p>\n\n\n\n<p><\/p>\n","protected":false},"excerpt":{"rendered":"<p>-Un hombre muri\u00f3 y al menos 100 personas resultaron heridas en enfrentamientos durante una protesta liderada por j\u00f3venes contra el gobierno reci\u00e9n instalado y el Congreso, en Lima. Al menos un manifestante muri\u00f3 presuntamente por un disparo de arma de fuego durante la multitudinaria protesta contra el Gobierno y el Congreso de Per\u00fa, en Lima, [&hellip;]<\/p>\n","protected":false},"author":1,"featured_media":69708,"comment_status":"closed","ping_status":"closed","sticky":false,"template":"","format":"standard","meta":{"footnotes":""},"categories":[80],"tags":[],"class_list":["post-69707","post","type-post","status-publish","format-standard","has-post-thumbnail","hentry","category-mundo"],"_links":{"self":[{"href":"https:\/\/themexicopost.com\/index.php?rest_route=\/wp\/v2\/posts\/69707","targetHints":{"allow":["GET"]}}],"collection":[{"href":"https:\/\/themexicopost.com\/index.php?rest_route=\/wp\/v2\/posts"}],"about":[{"href":"https:\/\/themexicopost.com\/index.php?rest_route=\/wp\/v2\/types\/post"}],"author":[{"embeddable":true,"href":"https:\/\/themexicopost.com\/index.php?rest_route=\/wp\/v2\/users\/1"}],"replies":[{"embeddable":true,"href":"https:\/\/themexicopost.com\/index.php?rest_route=%2Fwp%2Fv2%2Fcomments&post=69707"}],"version-history":[{"count":1,"href":"https:\/\/themexicopost.com\/index.php?rest_route=\/wp\/v2\/posts\/69707\/revisions"}],"predecessor-version":[{"id":69709,"href":"https:\/\/themexicopost.com\/index.php?rest_route=\/wp\/v2\/posts\/69707\/revisions\/69709"}],"wp:featuredmedia":[{"embeddable":true,"href":"https:\/\/themexicopost.com\/index.php?rest_route=\/wp\/v2\/media\/69708"}],"wp:attachment":[{"href":"https:\/\/themexicopost.com\/index.php?rest_route=%2Fwp%2Fv2%2Fmedia&parent=69707"}],"wp:term":[{"taxonomy":"category","embeddable":true,"href":"https:\/\/themexicopost.com\/index.php?rest_route=%2Fwp%2Fv2%2Fcategories&post=69707"},{"taxonomy":"post_tag","embeddable":true,"href":"https:\/\/themexicopost.com\/index.php?rest_route=%2Fwp%2Fv2%2Ftags&post=69707"}],"curies":[{"name":"wp","href":"https:\/\/api.w.org\/{rel}","templated":true}]}}