{"id":69722,"date":"2025-10-16T07:56:19","date_gmt":"2025-10-16T13:56:19","guid":{"rendered":"https:\/\/themexicopost.com\/?p=69722"},"modified":"2025-10-16T07:56:28","modified_gmt":"2025-10-16T13:56:28","slug":"no-aceptamos-golpes-de-estado-dados-por-la-cia-maduro","status":"publish","type":"post","link":"https:\/\/themexicopost.com\/?p=69722","title":{"rendered":"&#8220;No aceptamos golpes de Estado dados por la CIA&#8221;: Maduro"},"content":{"rendered":"\n<figure class=\"wp-block-pullquote\"><blockquote><p>-El l\u00edder chavista llam\u00f3 a llevar &#8220;la verdad de Venezuela&#8221; a &#8220;todos los sectores sociales, culturales, pol\u00edticos y econ\u00f3micos de la sociedad estadounidense para decirle no a la guerra en el Caribe, no a la guerra en Suram\u00e9rica&#8221;.<\/p><\/blockquote><\/figure>\n\n\n\n<p class=\"has-drop-cap\">El presidente de Venezuela, Nicol\u00e1s Maduro, afirm\u00f3 que Am\u00e9rica Latina \u201crepudia\u201d a la Agencia Central de Inteligencia de Estados Unidos (CIA, por su siglas en ingl\u00e9s) tras denunciar la supuesta participaci\u00f3n de esta instituci\u00f3n en golpes de Estado en la regi\u00f3n.<br><\/p>\n\n\n\n<p>\u201cNo a los golpes de Estado dados por la CIA. \u00bfHasta cu\u00e1ndo golpes de Estado de la CIA? Am\u00e9rica Latina no los quiere, no los necesita y los repudia\u201d, manifest\u00f3 Maduro en una transmisi\u00f3n del canal estatal Venezolana de Televisi\u00f3n (VTV).<br><\/p>\n\n\n\n<p>El mandatario se pronunci\u00f3 as\u00ed despu\u00e9s de que el peri\u00f3dico The New York Times revelara que el presidente de EE.UU., Donald Trump, autoriz\u00f3 a la CIA a realizar operaciones letales en Venezuela as\u00ed como en el Caribe, en un incremento de sus acciones contra el gobierno venezolano con el objetivo de sacarle del poder.<br><\/p>\n\n\n\n<p>De acuerdo con el diario, la CIA podr\u00eda tomar acciones encubiertas contra Maduro o su Ejecutivo, ya sea unilateralmente o en conjunto, como parte de una operaci\u00f3n militar m\u00e1s amplia.<br><\/p>\n\n\n\n<p>No obstante, se desconoce aun si la agencia est\u00e1 ya planeando alguna acci\u00f3n o si est\u00e1n concebidas como un plan de contingencia.<br><\/p>\n\n\n\n<p>El l\u00edder chavista llam\u00f3 a llevar \u201cla verdad de Venezuela\u201d a \u201ctodos los sectores sociales, culturales, pol\u00edticos, econ\u00f3micos de la sociedad estadounidense para decirle no a la guerra en el Caribe, no a la guerra en Suram\u00e9rica\u201d, en un contexto en el que denuncia como \u201camenaza\u201d el despliegue militar ordenado por Trump cerca de aguas venezolanas.<br><\/p>\n\n\n\n<p>Estados Unidos ha atacado diversas embarcaciones -que supuestamente transportaban drogas- en aguas internacionales cerca de Venezuela, operativos que han costado la vida a aproximadamente una treintena de personas.<br><\/p>\n\n\n\n<p>El pa\u00eds norteamericano tiene en este momento 10 mil soldados en la regi\u00f3n, la mayor\u00eda en bases en Puerto Rico, as\u00ed como un contingente de infantes de Marina en buques de asalto anfibio. En total, cuenta con ocho embarcaciones de guerra y un submarino en el Caribe.<\/p>\n","protected":false},"excerpt":{"rendered":"<p>-El l\u00edder chavista llam\u00f3 a llevar &#8220;la verdad de Venezuela&#8221; a &#8220;todos los sectores sociales, culturales, pol\u00edticos y econ\u00f3micos de la sociedad estadounidense para decirle no a la guerra en el Caribe, no a la guerra en Suram\u00e9rica&#8221;. El presidente de Venezuela, Nicol\u00e1s Maduro, afirm\u00f3 que Am\u00e9rica Latina \u201crepudia\u201d a la Agencia Central de Inteligencia [&hellip;]<\/p>\n","protected":false},"author":1,"featured_media":69723,"comment_status":"closed","ping_status":"closed","sticky":false,"template":"","format":"standard","meta":{"footnotes":""},"categories":[83,80],"tags":[],"class_list":["post-69722","post","type-post","status-publish","format-standard","has-post-thumbnail","hentry","category-destacado","category-mundo"],"_links":{"self":[{"href":"https:\/\/themexicopost.com\/index.php?rest_route=\/wp\/v2\/posts\/69722","targetHints":{"allow":["GET"]}}],"collection":[{"href":"https:\/\/themexicopost.com\/index.php?rest_route=\/wp\/v2\/posts"}],"about":[{"href":"https:\/\/themexicopost.com\/index.php?rest_route=\/wp\/v2\/types\/post"}],"author":[{"embeddable":true,"href":"https:\/\/themexicopost.com\/index.php?rest_route=\/wp\/v2\/users\/1"}],"replies":[{"embeddable":true,"href":"https:\/\/themexicopost.com\/index.php?rest_route=%2Fwp%2Fv2%2Fcomments&post=69722"}],"version-history":[{"count":1,"href":"https:\/\/themexicopost.com\/index.php?rest_route=\/wp\/v2\/posts\/69722\/revisions"}],"predecessor-version":[{"id":69724,"href":"https:\/\/themexicopost.com\/index.php?rest_route=\/wp\/v2\/posts\/69722\/revisions\/69724"}],"wp:featuredmedia":[{"embeddable":true,"href":"https:\/\/themexicopost.com\/index.php?rest_route=\/wp\/v2\/media\/69723"}],"wp:attachment":[{"href":"https:\/\/themexicopost.com\/index.php?rest_route=%2Fwp%2Fv2%2Fmedia&parent=69722"}],"wp:term":[{"taxonomy":"category","embeddable":true,"href":"https:\/\/themexicopost.com\/index.php?rest_route=%2Fwp%2Fv2%2Fcategories&post=69722"},{"taxonomy":"post_tag","embeddable":true,"href":"https:\/\/themexicopost.com\/index.php?rest_route=%2Fwp%2Fv2%2Ftags&post=69722"}],"curies":[{"name":"wp","href":"https:\/\/api.w.org\/{rel}","templated":true}]}}