{"id":69728,"date":"2025-10-16T07:59:01","date_gmt":"2025-10-16T13:59:01","guid":{"rendered":"https:\/\/themexicopost.com\/?p=69728"},"modified":"2025-10-16T07:59:05","modified_gmt":"2025-10-16T13:59:05","slug":"detienen-a-sacerdotes-en-armenia-crece-represion-contra-religiosos","status":"publish","type":"post","link":"https:\/\/themexicopost.com\/?p=69728","title":{"rendered":"Detienen a sacerdotes en Armenia; crece represi\u00f3n contra religiosos"},"content":{"rendered":"\n<figure class=\"wp-block-pullquote\"><blockquote><p>La represi\u00f3n del clero comenz\u00f3 este verano con la detenci\u00f3n de varios cl\u00e9rigos destacados acusados de intentar incitar a golpes de Estado violentos.<\/p><\/blockquote><\/figure>\n\n\n\n<p class=\"has-drop-cap\">Seis cl\u00e9rigos armenios fueron detenidos, seg\u00fan su abogado, en el marco de una creciente represi\u00f3n que ha visto c\u00f3mo algunas figuras religiosas eran acusadas de planear golpes de Estado en el pa\u00eds del C\u00e1ucaso Sur.<br><\/p>\n\n\n\n<p>Cinco sacerdotes pertenecientes a la di\u00f3cesis de Aragatsotn de la Iglesia Apost\u00f3lica en el oeste de Armenia, as\u00ed como su figura m\u00e1s importante, el obispo Mkrtich Proshyan, fueron puestos bajo custodia tras los registros de sus domicilios, escribi\u00f3 el abogado Ara Zograbyan en Facebook. Tambi\u00e9n fueron detenidos varios civiles.<br><\/p>\n\n\n\n<p>Las autoridades armenias a\u00fan no han publicado declaraciones sobre las detenciones. El Comit\u00e9 de Investigaci\u00f3n, principal brazo investigador del poder judicial, no respondi\u00f3 inmediatamente a una solicitud de comentarios.<br><\/p>\n\n\n\n<p>Las detenciones de los seis se producen despu\u00e9s de que otro pastor de una iglesia de la misma regi\u00f3n concediera el mes pasado una entrevista en la televisi\u00f3n p\u00fablica en la que denunciaba que la Iglesia Apost\u00f3lica hab\u00eda obligado a sus miembros a participar en concentraciones antigubernamentales en 2021 contra el primer ministro Nikol Pashinyan.<br><\/p>\n\n\n\n<p>Un grupo armenio sin \u00e1nimo de lucro, la Uni\u00f3n de Ciudadanos Informados, present\u00f3 posteriormente una solicitud a la fiscal\u00eda estatal para que investigara la afirmaci\u00f3n del p\u00e1rroco, el padre Ter Aram.<br><\/p>\n\n\n\n<p>Un alto consejo de la Iglesia Apost\u00f3lica conden\u00f3 las detenciones del mi\u00e9rcoles como muestra de la presi\u00f3n sist\u00e9mica del gobierno sobre la Iglesia armenia, seg\u00fan una declaraci\u00f3n citada por los medios de comunicaci\u00f3n armenios.<br><\/p>\n\n\n\n<p>El enfrentamiento entre el gobierno y la Iglesia se produce en un momento en que Pashinyan se enfrenta a las elecciones parlamentarias del pr\u00f3ximo mes de junio y se encuentra bajo presi\u00f3n interna para concluir un acuerdo de paz con Azerbaiy\u00e1n que ponga fin a d\u00e9cadas de conflicto entre los vecinos del C\u00e1ucaso Sur.<br><\/p>\n\n\n\n<p>La represi\u00f3n del clero comenz\u00f3 este verano con la detenci\u00f3n de varios cl\u00e9rigos destacados acusados de intentar incitar a golpes de Estado violentos.<\/p>\n","protected":false},"excerpt":{"rendered":"<p>La represi\u00f3n del clero comenz\u00f3 este verano con la detenci\u00f3n de varios cl\u00e9rigos destacados acusados de intentar incitar a golpes de Estado violentos. Seis cl\u00e9rigos armenios fueron detenidos, seg\u00fan su abogado, en el marco de una creciente represi\u00f3n que ha visto c\u00f3mo algunas figuras religiosas eran acusadas de planear golpes de Estado en el pa\u00eds [&hellip;]<\/p>\n","protected":false},"author":1,"featured_media":69729,"comment_status":"closed","ping_status":"closed","sticky":false,"template":"","format":"standard","meta":{"footnotes":""},"categories":[83,80,85],"tags":[],"class_list":["post-69728","post","type-post","status-publish","format-standard","has-post-thumbnail","hentry","category-destacado","category-mundo","category-portada"],"_links":{"self":[{"href":"https:\/\/themexicopost.com\/index.php?rest_route=\/wp\/v2\/posts\/69728","targetHints":{"allow":["GET"]}}],"collection":[{"href":"https:\/\/themexicopost.com\/index.php?rest_route=\/wp\/v2\/posts"}],"about":[{"href":"https:\/\/themexicopost.com\/index.php?rest_route=\/wp\/v2\/types\/post"}],"author":[{"embeddable":true,"href":"https:\/\/themexicopost.com\/index.php?rest_route=\/wp\/v2\/users\/1"}],"replies":[{"embeddable":true,"href":"https:\/\/themexicopost.com\/index.php?rest_route=%2Fwp%2Fv2%2Fcomments&post=69728"}],"version-history":[{"count":1,"href":"https:\/\/themexicopost.com\/index.php?rest_route=\/wp\/v2\/posts\/69728\/revisions"}],"predecessor-version":[{"id":69730,"href":"https:\/\/themexicopost.com\/index.php?rest_route=\/wp\/v2\/posts\/69728\/revisions\/69730"}],"wp:featuredmedia":[{"embeddable":true,"href":"https:\/\/themexicopost.com\/index.php?rest_route=\/wp\/v2\/media\/69729"}],"wp:attachment":[{"href":"https:\/\/themexicopost.com\/index.php?rest_route=%2Fwp%2Fv2%2Fmedia&parent=69728"}],"wp:term":[{"taxonomy":"category","embeddable":true,"href":"https:\/\/themexicopost.com\/index.php?rest_route=%2Fwp%2Fv2%2Fcategories&post=69728"},{"taxonomy":"post_tag","embeddable":true,"href":"https:\/\/themexicopost.com\/index.php?rest_route=%2Fwp%2Fv2%2Ftags&post=69728"}],"curies":[{"name":"wp","href":"https:\/\/api.w.org\/{rel}","templated":true}]}}