{"id":69731,"date":"2025-10-16T07:59:55","date_gmt":"2025-10-16T13:59:55","guid":{"rendered":"https:\/\/themexicopost.com\/?p=69731"},"modified":"2025-10-16T07:59:58","modified_gmt":"2025-10-16T13:59:58","slug":"otan-acuerda-reforzar-su-respuesta-ante-drones-rusos","status":"publish","type":"post","link":"https:\/\/themexicopost.com\/?p=69731","title":{"rendered":"OTAN acuerda reforzar su respuesta ante drones rusos"},"content":{"rendered":"\n<figure class=\"wp-block-pullquote\"><blockquote><p>-La Alianza Atl\u00e1ntica implementar\u00e1 una serie de medidas para modernizar sus sistemas antidrones y acelerar su capacidad de defensa frente a estos aparatos.<\/p><\/blockquote><\/figure>\n\n\n\n<p class=\"has-drop-cap\">La OTAN probar\u00e1 nuevos sistemas de detecci\u00f3n y neutralizaci\u00f3n de drones, tras m\u00faltiples incursiones rusas en el espacio a\u00e9reo europeo. As\u00ed lo anunci\u00f3 el secretario general de la alianza, Mark Rutte.<br><\/p>\n\n\n\n<p>Tanto la Alianza Atl\u00e1ntica como la Uni\u00f3n Europea buscan afrontar las deficiencias en defensa del continente, tras varias violaciones del espacio a\u00e9reo por parte de Rusia en septiembre pasado.<br><\/p>\n\n\n\n<p>Por esta raz\u00f3n, la OTAN &#8220;pondr\u00e1 en marcha una serie de medidas adicionales contra los drones que reforzar\u00e1n, ampliar\u00e1n y acelerar\u00e1n nuestra capacidad para contrarrestarlos&#8221;, declar\u00f3 Rutte tras una reuni\u00f3n de los ministros de Defensa de la alianza en Bruselas.<br><\/p>\n\n\n\n<p>En concreto, la OTAN quiere probar sistemas integrados capaces de detectar, rastrear y neutralizar mejor las amenazas a\u00e9reas, a\u00f1adi\u00f3. Adem\u00e1s, y siguiendo la l\u00ednea de defensa contra drones, la OTAN apoya a la Uni\u00f3n Europea en su plan de establecer un muro antidrones que est\u00e9 plenamente operativo para 2027.<br><\/p>\n\n\n\n<p>La OTAN tambi\u00e9n prev\u00e9 perfeccionar sus normas de intervenci\u00f3n otorgando mayor flexibilidad a su mando militar. La idea es simplificar las normas que se basan en sistemas diferentes y que, en ocasiones, limitan la capacidad de actuaci\u00f3n del mando militar de la Alianza.<br><\/p>\n\n\n\n<p>Los ministros tambi\u00e9n debatieron sobre su apoyo militar a Ucrania. Nada m\u00e1s llegar a la sede de la OTAN, el secretario de Defensa estadounidense, Pete Hegseth, anim\u00f3 a los pa\u00edses europeos y a Canad\u00e1 a hacer m\u00e1s, en el marco del programa denominado Purl. Esta iniciativa, puesta en marcha por Washington, permite a Kiev comprar armas estadounidenses financiadas por los europeos.<br><\/p>\n\n\n\n<p>En el marco del programa Purl, Kiev ya ha recibido dos tramos de ayuda por valor de unos 2.000 millones de d\u00f3lares, financiados por Pa\u00edses Bajos y varios pa\u00edses escandinavos. Mientras que Alemania y Canad\u00e1 se comprometieron a financiar otros dos paquetes de ayuda, por valor de 500 millones de d\u00f3lares cada uno, y Kiev espera que pronto se ultimen otros dos tramos.<br><\/p>\n\n\n\n<p>Rutte asegur\u00f3 que m\u00e1s de la mitad de los 32 pa\u00edses de la OTAN ya respondieron a la petici\u00f3n, sin precisar, sin embargo, los importes.<\/p>\n","protected":false},"excerpt":{"rendered":"<p>-La Alianza Atl\u00e1ntica implementar\u00e1 una serie de medidas para modernizar sus sistemas antidrones y acelerar su capacidad de defensa frente a estos aparatos. La OTAN probar\u00e1 nuevos sistemas de detecci\u00f3n y neutralizaci\u00f3n de drones, tras m\u00faltiples incursiones rusas en el espacio a\u00e9reo europeo. As\u00ed lo anunci\u00f3 el secretario general de la alianza, Mark Rutte. Tanto [&hellip;]<\/p>\n","protected":false},"author":1,"featured_media":69732,"comment_status":"closed","ping_status":"closed","sticky":false,"template":"","format":"standard","meta":{"footnotes":""},"categories":[83,80,85],"tags":[],"class_list":["post-69731","post","type-post","status-publish","format-standard","has-post-thumbnail","hentry","category-destacado","category-mundo","category-portada"],"_links":{"self":[{"href":"https:\/\/themexicopost.com\/index.php?rest_route=\/wp\/v2\/posts\/69731","targetHints":{"allow":["GET"]}}],"collection":[{"href":"https:\/\/themexicopost.com\/index.php?rest_route=\/wp\/v2\/posts"}],"about":[{"href":"https:\/\/themexicopost.com\/index.php?rest_route=\/wp\/v2\/types\/post"}],"author":[{"embeddable":true,"href":"https:\/\/themexicopost.com\/index.php?rest_route=\/wp\/v2\/users\/1"}],"replies":[{"embeddable":true,"href":"https:\/\/themexicopost.com\/index.php?rest_route=%2Fwp%2Fv2%2Fcomments&post=69731"}],"version-history":[{"count":1,"href":"https:\/\/themexicopost.com\/index.php?rest_route=\/wp\/v2\/posts\/69731\/revisions"}],"predecessor-version":[{"id":69733,"href":"https:\/\/themexicopost.com\/index.php?rest_route=\/wp\/v2\/posts\/69731\/revisions\/69733"}],"wp:featuredmedia":[{"embeddable":true,"href":"https:\/\/themexicopost.com\/index.php?rest_route=\/wp\/v2\/media\/69732"}],"wp:attachment":[{"href":"https:\/\/themexicopost.com\/index.php?rest_route=%2Fwp%2Fv2%2Fmedia&parent=69731"}],"wp:term":[{"taxonomy":"category","embeddable":true,"href":"https:\/\/themexicopost.com\/index.php?rest_route=%2Fwp%2Fv2%2Fcategories&post=69731"},{"taxonomy":"post_tag","embeddable":true,"href":"https:\/\/themexicopost.com\/index.php?rest_route=%2Fwp%2Fv2%2Ftags&post=69731"}],"curies":[{"name":"wp","href":"https:\/\/api.w.org\/{rel}","templated":true}]}}