{"id":69737,"date":"2025-10-16T08:04:12","date_gmt":"2025-10-16T14:04:12","guid":{"rendered":"https:\/\/themexicopost.com\/?p=69737"},"modified":"2025-10-16T08:04:27","modified_gmt":"2025-10-16T14:04:27","slug":"afirman-rubio-y-de-la-fuente-continuidad-a-cooperacion-en-seguridad","status":"publish","type":"post","link":"https:\/\/themexicopost.com\/?p=69737","title":{"rendered":"AFIRMAN RUBIO Y DE LA FUENTE CONTINUIDAD A COOPERACI\u00d3N EN SEGURIDAD"},"content":{"rendered":"\n<figure class=\"wp-block-pullquote\"><blockquote><p>-El encuentro se da luego de que el funcionario estadounidense se reuni\u00f3 el pasado 3 de septiembre con la presidenta Claudia Sheinbaum en el Palacio Nacional.<\/p><\/blockquote><\/figure>\n\n\n\n<p class=\"has-drop-cap\">La Secretar\u00eda de Relaciones Exteriores de M\u00e9xico confirm\u00f3 la reuni\u00f3n sostenida entre el canciller Juan Ram\u00f3n de la Fuente, y el secretario de Estado de Estados Unidos, Marco Rubio.<br><\/p>\n\n\n\n<p>La reuni\u00f3n se dio en Washington D.C., capital estadounidense, en donde se llev\u00f3 a cabo en seguimiento a la cooperaci\u00f3n binacional en materia de seguridad, anunciada tras su m\u00e1s reciente reuni\u00f3n el mes pasado en Ciudad de M\u00e9xico.<br><\/p>\n\n\n\n<p>\u201cEste encuentro da continuidad al di\u00e1logo respetuoso y constructivo que se dio con la visita del secretario Rubio a M\u00e9xico centrado en temas clave de la relaci\u00f3n bilateral, especialmente la seguridad\u201c, se lee en el comunicado oficial emitido por la SRE.<br><\/p>\n\n\n\n<figure class=\"wp-block-image size-large\"><img fetchpriority=\"high\" decoding=\"async\" width=\"1024\" height=\"684\" src=\"https:\/\/themexicopost.com\/wp-content\/uploads\/2025\/10\/afirman-3-1024x684.jpg\" alt=\"\" class=\"wp-image-69739\" srcset=\"https:\/\/themexicopost.com\/wp-content\/uploads\/2025\/10\/afirman-3-1024x684.jpg 1024w, https:\/\/themexicopost.com\/wp-content\/uploads\/2025\/10\/afirman-3-300x201.jpg 300w, https:\/\/themexicopost.com\/wp-content\/uploads\/2025\/10\/afirman-3-768x513.jpg 768w, https:\/\/themexicopost.com\/wp-content\/uploads\/2025\/10\/afirman-3.jpg 1200w\" sizes=\"(max-width: 1024px) 100vw, 1024px\" \/><\/figure>\n\n\n\n<p>Durante la reuni\u00f3n, se revisaron los avances del Programa de Cooperaci\u00f3n sobre Seguridad Fronteriza y Aplicaci\u00f3n de la Ley entre M\u00e9xico y Estados Unidos, establecido el mes pasado por ambos gobiernos a partir de los principios fundamentales de respeto a la soberan\u00eda e integridad territorial, responsabilidad compartida, confianza mutua y colaboraci\u00f3n coordinada, sin subordinaci\u00f3n.<br><\/p>\n\n\n\n<p>El secretario De la Fuente estuvo acompa\u00f1ado por el subsecretario para Am\u00e9rica del Norte, Roberto Velasco \u00c1lvarez, y por el embajador de M\u00e9xico en Estados Unidos, Esteban Moctezuma Barrag\u00e1n.<br><\/p>\n\n\n\n<p>El funcionario estadounidense se reuni\u00f3 el pasado 3 de septiembre con la presidenta Claudia Sheinbaum en el Palacio Nacional y posteriormente ofreci\u00f3 una conferencia de prensa conjunta con el secretario mexicano.<br><\/p>\n\n\n\n<p>Ambos Gobiernos consolidaron el \u2018Programa de Cooperaci\u00f3n sobre Seguridad Fronteriza y Aplicaci\u00f3n de la Ley\u2019, una estrategia bilateral enfocada a reforzar la coordinaci\u00f3n en temas como el narcotr\u00e1fico, el crimen organizado, el tr\u00e1fico de drogas y la migraci\u00f3n irregular.<br><\/p>\n\n\n\n<figure class=\"wp-block-image size-large\"><img decoding=\"async\" width=\"1024\" height=\"684\" src=\"https:\/\/themexicopost.com\/wp-content\/uploads\/2025\/10\/afirman-1024x684.jpg\" alt=\"\" class=\"wp-image-69740\" srcset=\"https:\/\/themexicopost.com\/wp-content\/uploads\/2025\/10\/afirman-1024x684.jpg 1024w, https:\/\/themexicopost.com\/wp-content\/uploads\/2025\/10\/afirman-300x201.jpg 300w, https:\/\/themexicopost.com\/wp-content\/uploads\/2025\/10\/afirman-768x513.jpg 768w, https:\/\/themexicopost.com\/wp-content\/uploads\/2025\/10\/afirman.jpg 1200w\" sizes=\"(max-width: 1024px) 100vw, 1024px\" \/><\/figure>\n\n\n\n<p>Durante el primer encuentro entre Marco Rubio y el gobierno de M\u00e9xico, la presidenta Sheinbaum dijo que durante el encuentro se abordaron otros temas como la reducci\u00f3n en el fen\u00f3meno migratorio y los avances en la seguridad, aunque descart\u00f3 que Estados Unidos haya pedido que pudieran ingresar a territorio mexicano m\u00e1s agentes de seguridad estadounidenses para el combate a grupos narcotraficantes.<br><\/p>\n\n\n\n<p>A inicios del mes pasado, Rubio agradeci\u00f3 por la reuni\u00f3n con miembros del Gabinete y la presidenta mexicana, tach\u00e1ndola de muy productiva para ambas partes.<br><\/p>\n\n\n\n<p>Asimismo, destac\u00f3 la hist\u00f3rica relaci\u00f3n entre el pueblo estadounidense y mexicano, afirmando que esta \u201csiempre ser\u00e1 conjunta, por la geograf\u00eda, la realidad; porque somos vecinos\u201d.<\/p>\n\n\n\n<figure class=\"wp-block-image size-large\"><img decoding=\"async\" width=\"1024\" height=\"684\" src=\"https:\/\/themexicopost.com\/wp-content\/uploads\/2025\/10\/afirman-4-1024x684.jpg\" alt=\"\" class=\"wp-image-69741\" srcset=\"https:\/\/themexicopost.com\/wp-content\/uploads\/2025\/10\/afirman-4-1024x684.jpg 1024w, https:\/\/themexicopost.com\/wp-content\/uploads\/2025\/10\/afirman-4-300x201.jpg 300w, https:\/\/themexicopost.com\/wp-content\/uploads\/2025\/10\/afirman-4-768x513.jpg 768w, https:\/\/themexicopost.com\/wp-content\/uploads\/2025\/10\/afirman-4.jpg 1200w\" sizes=\"(max-width: 1024px) 100vw, 1024px\" \/><\/figure>\n","protected":false},"excerpt":{"rendered":"<p>-El encuentro se da luego de que el funcionario estadounidense se reuni\u00f3 el pasado 3 de septiembre con la presidenta Claudia Sheinbaum en el Palacio Nacional.<\/p>\n","protected":false},"author":1,"featured_media":69738,"comment_status":"closed","ping_status":"closed","sticky":false,"template":"","format":"standard","meta":{"footnotes":""},"categories":[83,80,85],"tags":[],"class_list":["post-69737","post","type-post","status-publish","format-standard","has-post-thumbnail","hentry","category-destacado","category-mundo","category-portada"],"_links":{"self":[{"href":"https:\/\/themexicopost.com\/index.php?rest_route=\/wp\/v2\/posts\/69737","targetHints":{"allow":["GET"]}}],"collection":[{"href":"https:\/\/themexicopost.com\/index.php?rest_route=\/wp\/v2\/posts"}],"about":[{"href":"https:\/\/themexicopost.com\/index.php?rest_route=\/wp\/v2\/types\/post"}],"author":[{"embeddable":true,"href":"https:\/\/themexicopost.com\/index.php?rest_route=\/wp\/v2\/users\/1"}],"replies":[{"embeddable":true,"href":"https:\/\/themexicopost.com\/index.php?rest_route=%2Fwp%2Fv2%2Fcomments&post=69737"}],"version-history":[{"count":1,"href":"https:\/\/themexicopost.com\/index.php?rest_route=\/wp\/v2\/posts\/69737\/revisions"}],"predecessor-version":[{"id":69742,"href":"https:\/\/themexicopost.com\/index.php?rest_route=\/wp\/v2\/posts\/69737\/revisions\/69742"}],"wp:featuredmedia":[{"embeddable":true,"href":"https:\/\/themexicopost.com\/index.php?rest_route=\/wp\/v2\/media\/69738"}],"wp:attachment":[{"href":"https:\/\/themexicopost.com\/index.php?rest_route=%2Fwp%2Fv2%2Fmedia&parent=69737"}],"wp:term":[{"taxonomy":"category","embeddable":true,"href":"https:\/\/themexicopost.com\/index.php?rest_route=%2Fwp%2Fv2%2Fcategories&post=69737"},{"taxonomy":"post_tag","embeddable":true,"href":"https:\/\/themexicopost.com\/index.php?rest_route=%2Fwp%2Fv2%2Ftags&post=69737"}],"curies":[{"name":"wp","href":"https:\/\/api.w.org\/{rel}","templated":true}]}}