{"id":69795,"date":"2025-10-17T07:52:41","date_gmt":"2025-10-17T13:52:41","guid":{"rendered":"https:\/\/themexicopost.com\/?p=69795"},"modified":"2025-10-17T07:52:44","modified_gmt":"2025-10-17T13:52:44","slug":"estados-unidos-enfrenta-una-guerra-comercial-contra-china-trump","status":"publish","type":"post","link":"https:\/\/themexicopost.com\/?p=69795","title":{"rendered":"Estados Unidos enfrenta una guerra comercial contra China: Trump"},"content":{"rendered":"\n<figure class=\"wp-block-pullquote\"><blockquote><p>-Su declaraci\u00f3n coincide con los esfuerzos del Tesoro por evitar una nueva escalada comercial mientras se negocian los l\u00edmites a las exportaciones chinas de materias cr\u00edticas.<\/p><\/blockquote><\/figure>\n\n\n\n<p class=\"has-drop-cap\">Anunci\u00f3 el presidente de Estados Unidos, Donald Trump, que su pa\u00eds enfrenta una guerra comercial contra China, en un aparente giro apenas horas despu\u00e9s de que el secretario del Tesoro, Scott Bessent, propuso extender la pausa a los nuevos aranceles impuestos a los productos del gigante asi\u00e1tico en aras de resolver la disputa por las tierras raras.<br><\/p>\n\n\n\n<p>\u201cBueno, ya estamos en una (guerra)\u201d, se\u00f1al\u00f3 al ser preguntado sobre este asunto en unas declaraciones, en las que consider\u00f3 que si no tuvi\u00e9ramos aranceles, quedar\u00edamos expuestos como si no fu\u00e9ramos nada, recordando el gravamen del 100 por ciento destinado a las importaciones chinas.<br><\/p>\n\n\n\n<p>Trump pronunci\u00f3 estas palabras poco despu\u00e9s de que Bessent plante\u00f3 la posibilidad de prolongar la pausa en estos aranceles durante m\u00e1s de tres meses si China detiene su plan de aplicar nuevos controles estrictos a la exportaci\u00f3n de elementos de tierras raras.<br><\/p>\n\n\n\n<p>Se\u00f1al\u00f3 que es posible que se pueda alargar el plazo, pero esto se negociar\u00e1 en las pr\u00f3ximas semanas, declar\u00f3 durante una rueda de prensa en Washington, ante el vencimiento de la \u00faltima tregua de 90 d\u00edas acordada entre las dos partes, que tendr\u00e1 lugar en noviembre.<br><\/p>\n\n\n\n<p>En la v\u00edspera, el representante comercial de Estados Unidos, Jamieson Greer, avanz\u00f3 que las conversaciones con China en este aspecto van bien, si bien asegur\u00f3 que el desenlace del conflicto depender\u00e1 de los pr\u00f3ximos movimientos de Pek\u00edn.<br><\/p>\n\n\n\n<p>La semana pasada, China anunci\u00f3 una bater\u00eda de controles de exportaci\u00f3n de materias cr\u00edticas, lo que provoc\u00f3 que el presidente estadounidense amenazase con unos aranceles del 100 por ciento sobre las importaciones chinas a partir del 1 de noviembre de seguir adelante su hom\u00f3logo chino, Xi Jinping, con la medida.<br><\/p>\n\n\n\n<p>Seg\u00fan la Agencia Internacional de la Energ\u00eda, China controla alrededor del 60 por ciento de la extracci\u00f3n mundial de tierras raras y m\u00e1s del 90 por ciento de su refinado. De su lado, el Servicio Geol\u00f3gico de Estados Unidos indic\u00f3 que, aproximadamente, el 70 por ciento de las importaciones norteamericanas de estos elementos proceden de China.<\/p>\n","protected":false},"excerpt":{"rendered":"<p>-Su declaraci\u00f3n coincide con los esfuerzos del Tesoro por evitar una nueva escalada comercial mientras se negocian los l\u00edmites a las exportaciones chinas de materias cr\u00edticas. Anunci\u00f3 el presidente de Estados Unidos, Donald Trump, que su pa\u00eds enfrenta una guerra comercial contra China, en un aparente giro apenas horas despu\u00e9s de que el secretario del [&hellip;]<\/p>\n","protected":false},"author":1,"featured_media":69796,"comment_status":"closed","ping_status":"closed","sticky":false,"template":"","format":"standard","meta":{"footnotes":""},"categories":[80],"tags":[],"class_list":["post-69795","post","type-post","status-publish","format-standard","has-post-thumbnail","hentry","category-mundo"],"_links":{"self":[{"href":"https:\/\/themexicopost.com\/index.php?rest_route=\/wp\/v2\/posts\/69795","targetHints":{"allow":["GET"]}}],"collection":[{"href":"https:\/\/themexicopost.com\/index.php?rest_route=\/wp\/v2\/posts"}],"about":[{"href":"https:\/\/themexicopost.com\/index.php?rest_route=\/wp\/v2\/types\/post"}],"author":[{"embeddable":true,"href":"https:\/\/themexicopost.com\/index.php?rest_route=\/wp\/v2\/users\/1"}],"replies":[{"embeddable":true,"href":"https:\/\/themexicopost.com\/index.php?rest_route=%2Fwp%2Fv2%2Fcomments&post=69795"}],"version-history":[{"count":1,"href":"https:\/\/themexicopost.com\/index.php?rest_route=\/wp\/v2\/posts\/69795\/revisions"}],"predecessor-version":[{"id":69797,"href":"https:\/\/themexicopost.com\/index.php?rest_route=\/wp\/v2\/posts\/69795\/revisions\/69797"}],"wp:featuredmedia":[{"embeddable":true,"href":"https:\/\/themexicopost.com\/index.php?rest_route=\/wp\/v2\/media\/69796"}],"wp:attachment":[{"href":"https:\/\/themexicopost.com\/index.php?rest_route=%2Fwp%2Fv2%2Fmedia&parent=69795"}],"wp:term":[{"taxonomy":"category","embeddable":true,"href":"https:\/\/themexicopost.com\/index.php?rest_route=%2Fwp%2Fv2%2Fcategories&post=69795"},{"taxonomy":"post_tag","embeddable":true,"href":"https:\/\/themexicopost.com\/index.php?rest_route=%2Fwp%2Fv2%2Ftags&post=69795"}],"curies":[{"name":"wp","href":"https:\/\/api.w.org\/{rel}","templated":true}]}}