{"id":69801,"date":"2025-10-17T07:54:55","date_gmt":"2025-10-17T13:54:55","guid":{"rendered":"https:\/\/themexicopost.com\/?p=69801"},"modified":"2025-10-17T07:55:03","modified_gmt":"2025-10-17T13:55:03","slug":"ecuador-es-sacudido-por-una-nueva-ola-de-atentados","status":"publish","type":"post","link":"https:\/\/themexicopost.com\/?p=69801","title":{"rendered":"Ecuador es sacudido por una nueva ola de atentados"},"content":{"rendered":"\n<figure class=\"wp-block-pullquote\"><blockquote><p>-Dos puentes en Ecuador resultaron da\u00f1ados por cargas explosivas que detonaron la madrugada.<\/p><\/blockquote><\/figure>\n\n\n\n<p class=\"has-drop-cap\">Dos puentes en Ecuador resultaron da\u00f1ados por cargas explosivas que detonaron la madrugada, en medio de una nueva ola de ataques que el Gobierno relaciona con su ofensiva militar contra la miner\u00eda ilegal.<br><\/p>\n\n\n\n<p>Las explosiones, registradas en las rutas Guayaquil\u2013Machala y Machala\u2013Cuenca, provocaron da\u00f1os estructurales y la interrupci\u00f3n del tr\u00e1nsito, seg\u00fan inform\u00f3 el ministro de Infraestructura, Roberto Luque. El funcionario se\u00f1al\u00f3 que los explosivos fueron colocados de manera deliberada para obstaculizar el tr\u00e1fico entre la costa y la sierra.<br><\/p>\n\n\n\n<p>Los atentados ocurrieron horas despu\u00e9s de la detonaci\u00f3n de un coche bomba frente a un centro comercial en Guayaquil, que dej\u00f3 un muerto y 26 heridos. En el lugar, la polic\u00eda encontr\u00f3 otras cuatro cargas de alto poder que no llegaron a activarse.<br><\/p>\n\n\n\n<p>El ministro del Interior, John Reimberg, indic\u00f3 que las autoridades investigan si el grupo criminal Los Lobos, recientemente designado como organizaci\u00f3n terrorista por Washington, estar\u00eda detr\u00e1s de los ataques, presuntamente en represalia por la destrucci\u00f3n de enclaves de miner\u00eda ilegal en la provincia de Imbabura.<br><\/p>\n\n\n\n<p>El presidente Daniel Noboa afirm\u00f3 que los hechos buscan desestabilizar al Gobierno e intimidar a los ecuatorianos.<br><\/p>\n\n\n\n<p>\u201cNo podemos retroceder ante las mafias que quieren aterrorizar a las familias ecuatorianas. Parte de su plan es desequilibrar al Gobierno\u201d, declar\u00f3 durante un acto p\u00fablico en Guayaquil.<br><\/p>\n\n\n\n<p>Ecuador atraviesa una escalada de violencia vinculada al narcotr\u00e1fico, la extorsi\u00f3n y la miner\u00eda ilegal. Aunque el Ejecutivo ha reforzado su pol\u00edtica de seguridad, los homicidios aumentaron 47% en el primer semestre del a\u00f1o respecto al mismo periodo de 2024, de acuerdo con el Observatorio Ecuatoriano de Crimen Organizado.<\/p>\n","protected":false},"excerpt":{"rendered":"<p>-Dos puentes en Ecuador resultaron da\u00f1ados por cargas explosivas que detonaron la madrugada. Dos puentes en Ecuador resultaron da\u00f1ados por cargas explosivas que detonaron la madrugada, en medio de una nueva ola de ataques que el Gobierno relaciona con su ofensiva militar contra la miner\u00eda ilegal. Las explosiones, registradas en las rutas Guayaquil\u2013Machala y Machala\u2013Cuenca, [&hellip;]<\/p>\n","protected":false},"author":1,"featured_media":69802,"comment_status":"closed","ping_status":"closed","sticky":false,"template":"","format":"standard","meta":{"footnotes":""},"categories":[80],"tags":[],"class_list":["post-69801","post","type-post","status-publish","format-standard","has-post-thumbnail","hentry","category-mundo"],"_links":{"self":[{"href":"https:\/\/themexicopost.com\/index.php?rest_route=\/wp\/v2\/posts\/69801","targetHints":{"allow":["GET"]}}],"collection":[{"href":"https:\/\/themexicopost.com\/index.php?rest_route=\/wp\/v2\/posts"}],"about":[{"href":"https:\/\/themexicopost.com\/index.php?rest_route=\/wp\/v2\/types\/post"}],"author":[{"embeddable":true,"href":"https:\/\/themexicopost.com\/index.php?rest_route=\/wp\/v2\/users\/1"}],"replies":[{"embeddable":true,"href":"https:\/\/themexicopost.com\/index.php?rest_route=%2Fwp%2Fv2%2Fcomments&post=69801"}],"version-history":[{"count":1,"href":"https:\/\/themexicopost.com\/index.php?rest_route=\/wp\/v2\/posts\/69801\/revisions"}],"predecessor-version":[{"id":69803,"href":"https:\/\/themexicopost.com\/index.php?rest_route=\/wp\/v2\/posts\/69801\/revisions\/69803"}],"wp:featuredmedia":[{"embeddable":true,"href":"https:\/\/themexicopost.com\/index.php?rest_route=\/wp\/v2\/media\/69802"}],"wp:attachment":[{"href":"https:\/\/themexicopost.com\/index.php?rest_route=%2Fwp%2Fv2%2Fmedia&parent=69801"}],"wp:term":[{"taxonomy":"category","embeddable":true,"href":"https:\/\/themexicopost.com\/index.php?rest_route=%2Fwp%2Fv2%2Fcategories&post=69801"},{"taxonomy":"post_tag","embeddable":true,"href":"https:\/\/themexicopost.com\/index.php?rest_route=%2Fwp%2Fv2%2Ftags&post=69801"}],"curies":[{"name":"wp","href":"https:\/\/api.w.org\/{rel}","templated":true}]}}