{"id":69804,"date":"2025-10-17T07:58:52","date_gmt":"2025-10-17T13:58:52","guid":{"rendered":"https:\/\/themexicopost.com\/?p=69804"},"modified":"2025-10-17T07:59:04","modified_gmt":"2025-10-17T13:59:04","slug":"rechaza-congreso-de-peru-mocion-de-censura-contra-presidente","status":"publish","type":"post","link":"https:\/\/themexicopost.com\/?p=69804","title":{"rendered":"Rechaza Congreso de Per\u00fa moci\u00f3n de censura contra presidente"},"content":{"rendered":"\n<figure class=\"wp-block-pullquote\"><blockquote><p>-La moci\u00f3n recibi\u00f3 60 votos en contra, principalmente de las fuerzas de derecha que respaldan al mandatario interino Jos\u00e9 Jer\u00ed.<\/p><\/blockquote><\/figure>\n\n\n\n<p class=\"has-drop-cap\">El pleno del Congreso de Per\u00fa rechaz\u00f3 admitir a debate una moci\u00f3n de censura contra el presidente interino del pa\u00eds, el derechista Jos\u00e9 Jer\u00ed, tras la muerte de un manifestante en la multitudinaria movilizaci\u00f3n celebrada en Lima contra el Ejecutivo y Legislativo peruanos.<br><\/p>\n\n\n\n<p>El legislador izquierdista Pasi\u00f3n D\u00e1vila present\u00f3 una moci\u00f3n de censura contra la mesa directiva del Congreso, que Jer\u00ed presid\u00eda hasta el viernes pasado, con la expectativa de remover a sus integrantes y forzar con el cambio del mandatario interino.<br><\/p>\n\n\n\n<p>Sin embargo, la posible admisi\u00f3n de la moci\u00f3n recibi\u00f3 60 votos en contra, principalmente de las fuerzas de derecha que respaldan a Jer\u00ed, y 20 a favor, con lo cual fue desechada y el encargado de la mesa de debates, el legislador ultraconservador Jos\u00e9 Cueto, anunci\u00f3 que se enviaba al archivo, tras lo cual se levant\u00f3 la sesi\u00f3n plenaria.<br><\/p>\n\n\n\n<p>La censura contra Jer\u00ed requer\u00eda \u00fanicamente 59 votos de los 130 congresistas que componen el hemiciclo peruano, a diferencia de los al menos 87 votos, equivalentes a dos tercios de la c\u00e1mara, que hac\u00edan falta para destituir a su predecesora, Dina Boluarte, quien fue sacada del poder el pasado jueves de manera casi un\u00e1nime, con 123 votos.<br><\/p>\n\n\n\n<p>Esto se debe a que Jer\u00ed ascendi\u00f3 al sill\u00f3n presidencial en su calidad de presidente de la mesa directiva del Congreso, la misma que puede ser censurada con la mitad m\u00e1s uno de los votos de la c\u00e1mara.<br><\/p>\n\n\n\n<p>Per\u00fa vivi\u00f3 durante la noche del mi\u00e9rcoles una de las manifestaciones m\u00e1s grandes de los \u00faltimos a\u00f1os, con movilizaciones en varias ciudades.<br><\/p>\n\n\n\n<p>La marcha m\u00e1s grande se dio en el centro de Lima, donde la protesta se sald\u00f3 con un manifestante fallecido por arma de fuego, m\u00e1s de 100 heridos, entre ellos unos 80 polic\u00edas, y alrededor de una decena de detenidos.<br><\/p>\n\n\n\n<p>La muerte de Eduardo Ruiz ha causado conmoci\u00f3n al haber recibido un disparo que, de acuerdo a testigos, provino de un &#8220;terna&#8221;, un polic\u00eda encubierto de civil y sin ninguna identificaci\u00f3n que aparentemente estaba infiltrado entre los protestantes.<br><\/p>\n\n\n\n<p>La protesta segu\u00eda con las reivindicaciones de otras movilizaciones realizadas en semanas anteriores a iniciativa de la llamada &#8216;Generaci\u00f3n Z&#8217; que se manifiestan en contra de la corrupci\u00f3n y de la creciente inseguridad ciudadana, impulsada por el auge del crimen organizado.<\/p>\n","protected":false},"excerpt":{"rendered":"<p>-La moci\u00f3n recibi\u00f3 60 votos en contra, principalmente de las fuerzas de derecha que respaldan al mandatario interino Jos\u00e9 Jer\u00ed. El pleno del Congreso de Per\u00fa rechaz\u00f3 admitir a debate una moci\u00f3n de censura contra el presidente interino del pa\u00eds, el derechista Jos\u00e9 Jer\u00ed, tras la muerte de un manifestante en la multitudinaria movilizaci\u00f3n celebrada [&hellip;]<\/p>\n","protected":false},"author":1,"featured_media":69805,"comment_status":"closed","ping_status":"closed","sticky":false,"template":"","format":"standard","meta":{"footnotes":""},"categories":[83,80],"tags":[],"class_list":["post-69804","post","type-post","status-publish","format-standard","has-post-thumbnail","hentry","category-destacado","category-mundo"],"_links":{"self":[{"href":"https:\/\/themexicopost.com\/index.php?rest_route=\/wp\/v2\/posts\/69804","targetHints":{"allow":["GET"]}}],"collection":[{"href":"https:\/\/themexicopost.com\/index.php?rest_route=\/wp\/v2\/posts"}],"about":[{"href":"https:\/\/themexicopost.com\/index.php?rest_route=\/wp\/v2\/types\/post"}],"author":[{"embeddable":true,"href":"https:\/\/themexicopost.com\/index.php?rest_route=\/wp\/v2\/users\/1"}],"replies":[{"embeddable":true,"href":"https:\/\/themexicopost.com\/index.php?rest_route=%2Fwp%2Fv2%2Fcomments&post=69804"}],"version-history":[{"count":1,"href":"https:\/\/themexicopost.com\/index.php?rest_route=\/wp\/v2\/posts\/69804\/revisions"}],"predecessor-version":[{"id":69806,"href":"https:\/\/themexicopost.com\/index.php?rest_route=\/wp\/v2\/posts\/69804\/revisions\/69806"}],"wp:featuredmedia":[{"embeddable":true,"href":"https:\/\/themexicopost.com\/index.php?rest_route=\/wp\/v2\/media\/69805"}],"wp:attachment":[{"href":"https:\/\/themexicopost.com\/index.php?rest_route=%2Fwp%2Fv2%2Fmedia&parent=69804"}],"wp:term":[{"taxonomy":"category","embeddable":true,"href":"https:\/\/themexicopost.com\/index.php?rest_route=%2Fwp%2Fv2%2Fcategories&post=69804"},{"taxonomy":"post_tag","embeddable":true,"href":"https:\/\/themexicopost.com\/index.php?rest_route=%2Fwp%2Fv2%2Ftags&post=69804"}],"curies":[{"name":"wp","href":"https:\/\/api.w.org\/{rel}","templated":true}]}}