{"id":69807,"date":"2025-10-17T07:59:57","date_gmt":"2025-10-17T13:59:57","guid":{"rendered":"https:\/\/themexicopost.com\/?p=69807"},"modified":"2025-10-17T08:00:05","modified_gmt":"2025-10-17T14:00:05","slug":"pakistan-ofrece-dialogo-a-afganistan-para-terminar-conflicto","status":"publish","type":"post","link":"https:\/\/themexicopost.com\/?p=69807","title":{"rendered":"Pakist\u00e1n ofrece di\u00e1logo a Afganist\u00e1n para terminar conflicto"},"content":{"rendered":"\n<figure class=\"wp-block-pullquote\"><blockquote><p>-Islamabad y Kabul acordaron recientemente una tregua de 48 horas tras una serie de ataques en la frontera que separa a ambos pa\u00edses.<\/p><\/blockquote><\/figure>\n\n\n\n<p class=\"has-drop-cap\">El primer ministro paquistan\u00ed, Shehbaz Sharif, declar\u00f3 que Islamabad est\u00e1 dispuesto a dialogar si Kabul acepta cumplir las condiciones de Pakist\u00e1n, mientras el plazo de la tregua entre ambos pa\u00edses se acerca a su fin, previsto para ma\u00f1ana.<br><\/p>\n\n\n\n<p>&#8220;Durante las 48 horas, si ellos quieren resolver los asuntos mediante el di\u00e1logo y aceptan nuestras condiciones justificadas, estamos listos para eso&#8221;, dijo el primer ministro a los miembros de su gabinete durante una reuni\u00f3n.<br><\/p>\n\n\n\n<p>Pakist\u00e1n y Afganist\u00e1n acordaron un alto el fuego temporal tras una nueva serie de mort\u00edferos enfrentamientos fronterizos que amenazaban con escalar a un conflicto mayor.<br><\/p>\n\n\n\n<p>Sharif afirm\u00f3 que fue el lado afgano quien solicit\u00f3 formalmente la tregua y que ahora debe decidir si acepta las condiciones planteadas. &#8220;Este mensaje ha sido enviado y ahora la pelota est\u00e1 en su cancha&#8221;, afirm\u00f3, a\u00f1adiendo que &#8220;si son sinceros y serios, creo que deber\u00edan avanzar en ello&#8221;.<br><\/p>\n\n\n\n<p>El primer ministro expres\u00f3 su esperanza de que la situaci\u00f3n actual entre ambos pa\u00edses se resuelva de manera duradera, incluyendo la eliminaci\u00f3n de los miembros del Tehreek-e-Taliban Pakistan (TTP) presentes en suelo afgano. &#8220;Si esto solo se hizo para ganar tiempo, entonces no lo aceptaremos&#8221;, advirti\u00f3 el primer ministro.<br><\/p>\n\n\n\n<p>Sharif record\u00f3 que Pakist\u00e1n ha mantenido m\u00faltiples di\u00e1logos con Kabul en el pasado sin lograr resultados, en los que se ha hablado de resolver sus problemas de manera conjunta y de mutuo acuerdo, en busca de paz y prosperidad.<br><\/p>\n\n\n\n<p>El conflicto se suma a las hist\u00f3ricas tensiones en torno a la L\u00ednea Durand, la frontera heredada del dominio brit\u00e1nico que Afganist\u00e1n no reconoce y que divide a la etnia past\u00fan. La crisis se agrav\u00f3 por las acusaciones de Islamabad de que los talibanes afganos protegen a combatientes del TTP, un grupo que busca derrocar al Estado paquistan\u00ed.<\/p>\n","protected":false},"excerpt":{"rendered":"<p>-Islamabad y Kabul acordaron recientemente una tregua de 48 horas tras una serie de ataques en la frontera que separa a ambos pa\u00edses. El primer ministro paquistan\u00ed, Shehbaz Sharif, declar\u00f3 que Islamabad est\u00e1 dispuesto a dialogar si Kabul acepta cumplir las condiciones de Pakist\u00e1n, mientras el plazo de la tregua entre ambos pa\u00edses se acerca [&hellip;]<\/p>\n","protected":false},"author":1,"featured_media":69808,"comment_status":"closed","ping_status":"closed","sticky":false,"template":"","format":"standard","meta":{"footnotes":""},"categories":[80],"tags":[],"class_list":["post-69807","post","type-post","status-publish","format-standard","has-post-thumbnail","hentry","category-mundo"],"_links":{"self":[{"href":"https:\/\/themexicopost.com\/index.php?rest_route=\/wp\/v2\/posts\/69807","targetHints":{"allow":["GET"]}}],"collection":[{"href":"https:\/\/themexicopost.com\/index.php?rest_route=\/wp\/v2\/posts"}],"about":[{"href":"https:\/\/themexicopost.com\/index.php?rest_route=\/wp\/v2\/types\/post"}],"author":[{"embeddable":true,"href":"https:\/\/themexicopost.com\/index.php?rest_route=\/wp\/v2\/users\/1"}],"replies":[{"embeddable":true,"href":"https:\/\/themexicopost.com\/index.php?rest_route=%2Fwp%2Fv2%2Fcomments&post=69807"}],"version-history":[{"count":1,"href":"https:\/\/themexicopost.com\/index.php?rest_route=\/wp\/v2\/posts\/69807\/revisions"}],"predecessor-version":[{"id":69809,"href":"https:\/\/themexicopost.com\/index.php?rest_route=\/wp\/v2\/posts\/69807\/revisions\/69809"}],"wp:featuredmedia":[{"embeddable":true,"href":"https:\/\/themexicopost.com\/index.php?rest_route=\/wp\/v2\/media\/69808"}],"wp:attachment":[{"href":"https:\/\/themexicopost.com\/index.php?rest_route=%2Fwp%2Fv2%2Fmedia&parent=69807"}],"wp:term":[{"taxonomy":"category","embeddable":true,"href":"https:\/\/themexicopost.com\/index.php?rest_route=%2Fwp%2Fv2%2Fcategories&post=69807"},{"taxonomy":"post_tag","embeddable":true,"href":"https:\/\/themexicopost.com\/index.php?rest_route=%2Fwp%2Fv2%2Ftags&post=69807"}],"curies":[{"name":"wp","href":"https:\/\/api.w.org\/{rel}","templated":true}]}}