{"id":69813,"date":"2025-10-17T08:02:08","date_gmt":"2025-10-17T14:02:08","guid":{"rendered":"https:\/\/themexicopost.com\/?p=69813"},"modified":"2025-10-17T08:02:13","modified_gmt":"2025-10-17T14:02:13","slug":"comparte-australia-consejos-para-reducir-el-uso-de-las-redes-sociales-para-menores","status":"publish","type":"post","link":"https:\/\/themexicopost.com\/?p=69813","title":{"rendered":"Comparte Australia consejos para reducir el uso de las redes sociales para menores"},"content":{"rendered":"\n<figure class=\"wp-block-pullquote\"><blockquote><p>-Las restricciones de edad australianas ya han generado controversia, y algunos expertos advierten que los cambios perjudicar\u00e1n y proteger\u00e1n a los ni\u00f1os.<\/p><\/blockquote><\/figure>\n\n\n\n<p class=\"has-drop-cap\">El gobierno australiano ha iniciado una campa\u00f1a de educaci\u00f3n p\u00fablica con consejos para alejar a los menores de las redes sociales antes de que entre en vigor en diciembre el primer l\u00edmite de edad nacional de 16 a\u00f1os, el primero del mundo.<br><\/p>\n\n\n\n<p>La comisionada australiana de seguridad electr\u00f3nica, Julie Inman Grant, declar\u00f3 que la informaci\u00f3n en el sitio web de su agencia, esafety.gov.au, explica las nuevas leyes y c\u00f3mo abordarlas.<br><\/p>\n\n\n\n<p>A partir del 10 de diciembre, plataformas como Facebook, Instagram, Snapchat, TikTok, X y YouTube podr\u00edan recibir multas de hasta 50 millones de d\u00f3lares australianos (33 millones de d\u00f3lares) si no toman medidas razonables para impedir que los menores de 16 a\u00f1os tengan cuentas.<br><\/p>\n\n\n\n<p>A partir del domingo tambi\u00e9n se compartir\u00e1n mensajes de concienciaci\u00f3n en canales digitales, televisi\u00f3n, radio y vallas publicitarias.<br><\/p>\n\n\n\n<p>Las restricciones de edad australianas ya han generado controversia, y algunos expertos advierten que los cambios perjudicar\u00e1n y proteger\u00e1n a los ni\u00f1os. M\u00e1s de 140 acad\u00e9micos australianos e internacionales firmaron una carta abierta al gobierno el a\u00f1o pasado oponi\u00e9ndose a un l\u00edmite de edad para las redes sociales, por considerarlo \u201cun instrumento demasiado contundente para abordar los riesgos de forma eficaz\u201d.<br><\/p>\n\n\n\n<p>A pesar de esa advertencia, las leyes se aprobaron con un apoyo rotundo el a\u00f1o pasado. Las plataformas tuvieron un a\u00f1o para encontrar la manera de cumplir sin la tecnolog\u00eda infalible disponible para verificar las edades.<br><\/p>\n\n\n\n<p>Inman Grant afirm\u00f3 que la restricci\u00f3n de edad para las redes sociales ser\u00eda un acontecimiento monumental para muchos j\u00f3venes.<br><\/p>\n\n\n\n<p>Su agencia ofreci\u00f3 listas de verificaci\u00f3n y consejos para iniciar conversaciones sobre c\u00f3mo hacer la transici\u00f3n, como seguir a un influencer en l\u00ednea a trav\u00e9s de un sitio web en lugar de una cuenta en redes sociales, explic\u00f3.<br><\/p>\n\n\n\n<p>La medida de Australia est\u00e1 siendo seguida de cerca por pa\u00edses que comparten la preocupaci\u00f3n por el impacto de las redes sociales en los ni\u00f1os peque\u00f1os.<br><\/p>\n\n\n\n<p>La embajadora de Dinamarca en Australia, Ingrid Dahl-Madsen, afirm\u00f3 que su gobierno aprovechar\u00e1 su actual presidencia del Consejo de la Uni\u00f3n Europea para impulsar la protecci\u00f3n de los ni\u00f1os de los da\u00f1os de las redes sociales.<br><\/p>\n\n\n\n<p>El gobierno dan\u00e9s propuso la semana pasada legislar un l\u00edmite de edad de 15 a\u00f1os. Sin embargo, Dahl-Madsen afirm\u00f3 que Dinamarca considerar\u00eda permitir que los padres eximan a sus hijos de 13 o 14 a\u00f1os. Australia no cuenta con una exenci\u00f3n similar.<\/p>\n","protected":false},"excerpt":{"rendered":"<p>-Las restricciones de edad australianas ya han generado controversia, y algunos expertos advierten que los cambios perjudicar\u00e1n y proteger\u00e1n a los ni\u00f1os. El gobierno australiano ha iniciado una campa\u00f1a de educaci\u00f3n p\u00fablica con consejos para alejar a los menores de las redes sociales antes de que entre en vigor en diciembre el primer l\u00edmite de [&hellip;]<\/p>\n","protected":false},"author":1,"featured_media":69814,"comment_status":"closed","ping_status":"closed","sticky":false,"template":"","format":"standard","meta":{"footnotes":""},"categories":[80],"tags":[],"class_list":["post-69813","post","type-post","status-publish","format-standard","has-post-thumbnail","hentry","category-mundo"],"_links":{"self":[{"href":"https:\/\/themexicopost.com\/index.php?rest_route=\/wp\/v2\/posts\/69813","targetHints":{"allow":["GET"]}}],"collection":[{"href":"https:\/\/themexicopost.com\/index.php?rest_route=\/wp\/v2\/posts"}],"about":[{"href":"https:\/\/themexicopost.com\/index.php?rest_route=\/wp\/v2\/types\/post"}],"author":[{"embeddable":true,"href":"https:\/\/themexicopost.com\/index.php?rest_route=\/wp\/v2\/users\/1"}],"replies":[{"embeddable":true,"href":"https:\/\/themexicopost.com\/index.php?rest_route=%2Fwp%2Fv2%2Fcomments&post=69813"}],"version-history":[{"count":1,"href":"https:\/\/themexicopost.com\/index.php?rest_route=\/wp\/v2\/posts\/69813\/revisions"}],"predecessor-version":[{"id":69815,"href":"https:\/\/themexicopost.com\/index.php?rest_route=\/wp\/v2\/posts\/69813\/revisions\/69815"}],"wp:featuredmedia":[{"embeddable":true,"href":"https:\/\/themexicopost.com\/index.php?rest_route=\/wp\/v2\/media\/69814"}],"wp:attachment":[{"href":"https:\/\/themexicopost.com\/index.php?rest_route=%2Fwp%2Fv2%2Fmedia&parent=69813"}],"wp:term":[{"taxonomy":"category","embeddable":true,"href":"https:\/\/themexicopost.com\/index.php?rest_route=%2Fwp%2Fv2%2Fcategories&post=69813"},{"taxonomy":"post_tag","embeddable":true,"href":"https:\/\/themexicopost.com\/index.php?rest_route=%2Fwp%2Fv2%2Ftags&post=69813"}],"curies":[{"name":"wp","href":"https:\/\/api.w.org\/{rel}","templated":true}]}}