{"id":69822,"date":"2025-10-17T08:06:39","date_gmt":"2025-10-17T14:06:39","guid":{"rendered":"https:\/\/themexicopost.com\/?p=69822"},"modified":"2025-10-17T08:06:48","modified_gmt":"2025-10-17T14:06:48","slug":"denuncia-el-papa-leon-xiv-ante-la-fao-el-uso-del-hambre-como-arma-de-guerra","status":"publish","type":"post","link":"https:\/\/themexicopost.com\/?p=69822","title":{"rendered":"Denuncia el papa Le\u00f3n XIV ante la FAO el uso del hambre como arma de guerra"},"content":{"rendered":"\n<figure class=\"wp-block-pullquote\"><blockquote><p>El pont\u00edfice estadounidense se desplaz\u00f3 del Vaticano hasta la sede romana de la FAO para participar en los actos del D\u00eda Mundial de la Alimentaci\u00f3n.<\/p><\/blockquote><\/figure>\n\n\n\n<p class=\"has-drop-cap\">El papa Le\u00f3n XIV ha denunciado el uso de los alimentos como arma de guerra y la carest\u00eda en lugares como Gaza o Ucrania, durante su intervenci\u00f3n este jueves en los actos del D\u00eda Mundial de la Alimentaci\u00f3n en la sede romana de la Organizaci\u00f3n de Naciones Unidas para la Alimentaci\u00f3n y la Agricultura (FAO).<br><\/p>\n\n\n\n<p>&#8220;Los escenarios de los conflictos actuales han hecho resurgir el uso de los alimentos como arma de guerra, contradiciendo todo el trabajo de sensibilizaci\u00f3n llevado adelante por la FAO durante estas ocho d\u00e9cadas&#8221;, lament\u00f3 durante el discurso inaugural del foro.<br><\/p>\n\n\n\n<p>El pont\u00edfice estadounidense se desplaz\u00f3 del Vaticano hasta la sede romana de la FAO para participar en los actos del D\u00eda Mundial de la Alimentaci\u00f3n junto a otras autoridades como la reina Letizia de Espa\u00f1a o el presidente de Uruguay, Yamand\u00fa Orsi.<br><\/p>\n\n\n\n<p>En un largo discurso, pronunciado en espa\u00f1ol e ingl\u00e9s, Le\u00f3n XIV asever\u00f3 que cada vez parece alejarse m\u00e1s ese consenso expresado por los Estados que considera la inanici\u00f3n deliberada un crimen de guerra, as\u00ed como impedir el acceso a los alimentos de comunidades y pueblos enteros.<br><\/p>\n\n\n\n<p>&#8220;El derecho internacional humanitario proh\u00edbe sin excepci\u00f3n atacar a civiles y bienes esenciales para la supervivencia de las poblaciones&#8221;, record\u00f3.<br><\/p>\n\n\n\n<p>Subray\u00f3 que el Consejo de Seguridad de Naciones Unidas ya conden\u00f3 un\u00e1nimemente esta pr\u00e1ctica, el sometimiento al hambre de poblaciones en guerra, \u00abreconociendo la conexi\u00f3n entre conflictos armados y la inseguridad alimentaria\u00bb.<br><\/p>\n\n\n\n<p>Denunci\u00f3 en este foro internacional la existencia de \u00abmultitudes\u00bb que carecen de acceso al agua potable, a los alimentos o a una atenci\u00f3n m\u00e9dica o una educaci\u00f3n dignas en Ucrania, Gaza, Hait\u00ed, Afganist\u00e1n, Mali, Rep\u00fablica Centroafricana, Yemen o Sud\u00e1n del Sur.<br><\/p>\n\n\n\n<p>Pero esto, sostuvo, ahora parece olvidado, pues, con dolor, somos testigos del uso continuo de esa estrategia cruel, que condena a hombres, mujeres y ni\u00f1os al hambre, neg\u00e1ndoles el derecho m\u00e1s elemental: el derecho a la vida, denunci\u00f3.<\/p>\n","protected":false},"excerpt":{"rendered":"<p>El pont\u00edfice estadounidense se desplaz\u00f3 del Vaticano hasta la sede romana de la FAO para participar en los actos del D\u00eda Mundial de la Alimentaci\u00f3n. El papa Le\u00f3n XIV ha denunciado el uso de los alimentos como arma de guerra y la carest\u00eda en lugares como Gaza o Ucrania, durante su intervenci\u00f3n este jueves en [&hellip;]<\/p>\n","protected":false},"author":1,"featured_media":69824,"comment_status":"closed","ping_status":"closed","sticky":false,"template":"","format":"standard","meta":{"footnotes":""},"categories":[83,80],"tags":[],"class_list":["post-69822","post","type-post","status-publish","format-standard","has-post-thumbnail","hentry","category-destacado","category-mundo"],"_links":{"self":[{"href":"https:\/\/themexicopost.com\/index.php?rest_route=\/wp\/v2\/posts\/69822","targetHints":{"allow":["GET"]}}],"collection":[{"href":"https:\/\/themexicopost.com\/index.php?rest_route=\/wp\/v2\/posts"}],"about":[{"href":"https:\/\/themexicopost.com\/index.php?rest_route=\/wp\/v2\/types\/post"}],"author":[{"embeddable":true,"href":"https:\/\/themexicopost.com\/index.php?rest_route=\/wp\/v2\/users\/1"}],"replies":[{"embeddable":true,"href":"https:\/\/themexicopost.com\/index.php?rest_route=%2Fwp%2Fv2%2Fcomments&post=69822"}],"version-history":[{"count":1,"href":"https:\/\/themexicopost.com\/index.php?rest_route=\/wp\/v2\/posts\/69822\/revisions"}],"predecessor-version":[{"id":69825,"href":"https:\/\/themexicopost.com\/index.php?rest_route=\/wp\/v2\/posts\/69822\/revisions\/69825"}],"wp:featuredmedia":[{"embeddable":true,"href":"https:\/\/themexicopost.com\/index.php?rest_route=\/wp\/v2\/media\/69824"}],"wp:attachment":[{"href":"https:\/\/themexicopost.com\/index.php?rest_route=%2Fwp%2Fv2%2Fmedia&parent=69822"}],"wp:term":[{"taxonomy":"category","embeddable":true,"href":"https:\/\/themexicopost.com\/index.php?rest_route=%2Fwp%2Fv2%2Fcategories&post=69822"},{"taxonomy":"post_tag","embeddable":true,"href":"https:\/\/themexicopost.com\/index.php?rest_route=%2Fwp%2Fv2%2Ftags&post=69822"}],"curies":[{"name":"wp","href":"https:\/\/api.w.org\/{rel}","templated":true}]}}