{"id":69829,"date":"2025-10-17T08:09:31","date_gmt":"2025-10-17T14:09:31","guid":{"rendered":"https:\/\/themexicopost.com\/?p=69829"},"modified":"2025-10-17T08:09:43","modified_gmt":"2025-10-17T14:09:43","slug":"anuncia-nestle-suiza-despido-de-16-mil-empleados-para-reducir-costos","status":"publish","type":"post","link":"https:\/\/themexicopost.com\/?p=69829","title":{"rendered":"Anuncia Nestl\u00e9 Suiza despido de 16 mil empleados para reducir costos"},"content":{"rendered":"\n<figure class=\"wp-block-pullquote\"><blockquote><p>-La empresa suiza tambi\u00e9n enfrenta contratiempos externos, como otras firmas del sector alimentario.<\/p><\/blockquote><\/figure>\n\n\n\n<p class=\"has-drop-cap\">Nestl\u00e9 eliminar\u00e1 16 mil puestos de trabajo a nivel mundial como parte de la campa\u00f1a del gigante suizo de la alimentaci\u00f3n para reducir costos y revitalizar su desempe\u00f1o financiero.<br><\/p>\n\n\n\n<p>Nestl\u00e9, que fabrica las bebidas Nescaf\u00e9 o alimentos para mascotas Purina, entre otros productos, anunci\u00f3 el jueves que la reducci\u00f3n de empleos se llevar\u00e1 a cabo los pr\u00f3ximos dos a\u00f1os. La empresa tambi\u00e9n dijo que incrementar\u00e1 su objetivo de recorte de gastos a 3.000 millones de francos suizos (3.760 millones de d\u00f3lares) para finales del pr\u00f3ximo a\u00f1o, frente a los 2.500 millones de francos suizos (3.130 millones de d\u00f3lares) planeados inicialmente.<br><\/p>\n\n\n\n<p>Este ha sido un a\u00f1o turbulento para la empresa de Vevey, Suiza. El mes pasado, despidi\u00f3 a su director general, Laurent Freixe, tras una investigaci\u00f3n acerca de una relaci\u00f3n no revelada con una subordinada directa.<br><\/p>\n\n\n\n<p>Freixe solo llevaba un a\u00f1o en el cargo. Fue reemplazado por Philipp Navratil, un veterano ejecutivo de la multinacional. Poco despu\u00e9s de la destituci\u00f3n de Freixe, el presidente, Paul Bulcke, renunci\u00f3 antes de lo previsto<br><\/p>\n\n\n\n<p>Nestl\u00e9 tambi\u00e9n enfrenta contratiempos externos, como otras firmas del sector alimentario, incluyendo el encarecimiento de las materias primas y el impacto de los aranceles. La empresa dijo en julio que hab\u00eda compensado el incremento del precio del caf\u00e9 y el cacao elevando el precio de sus productos.<br><\/p>\n\n\n\n<p>El grupo anunci\u00f3 que eliminar\u00e1 12.000 puestos administrativos en varias ubicaciones. Se espera que los recortes supongan un ahorro anual de 1.000 millones de francos suizos (1.250 millones de d\u00f3lares) para finales del pr\u00f3ximo a\u00f1o. Adem\u00e1s, recortar\u00e1 4.000 empleos como parte de las iniciativas de productividad en curso en su cadena de producci\u00f3n y suministros.<\/p>\n","protected":false},"excerpt":{"rendered":"<p>-La empresa suiza tambi\u00e9n enfrenta contratiempos externos, como otras firmas del sector alimentario. Nestl\u00e9 eliminar\u00e1 16 mil puestos de trabajo a nivel mundial como parte de la campa\u00f1a del gigante suizo de la alimentaci\u00f3n para reducir costos y revitalizar su desempe\u00f1o financiero. Nestl\u00e9, que fabrica las bebidas Nescaf\u00e9 o alimentos para mascotas Purina, entre otros [&hellip;]<\/p>\n","protected":false},"author":1,"featured_media":69830,"comment_status":"closed","ping_status":"closed","sticky":false,"template":"","format":"standard","meta":{"footnotes":""},"categories":[83,80,85],"tags":[],"class_list":["post-69829","post","type-post","status-publish","format-standard","has-post-thumbnail","hentry","category-destacado","category-mundo","category-portada"],"_links":{"self":[{"href":"https:\/\/themexicopost.com\/index.php?rest_route=\/wp\/v2\/posts\/69829","targetHints":{"allow":["GET"]}}],"collection":[{"href":"https:\/\/themexicopost.com\/index.php?rest_route=\/wp\/v2\/posts"}],"about":[{"href":"https:\/\/themexicopost.com\/index.php?rest_route=\/wp\/v2\/types\/post"}],"author":[{"embeddable":true,"href":"https:\/\/themexicopost.com\/index.php?rest_route=\/wp\/v2\/users\/1"}],"replies":[{"embeddable":true,"href":"https:\/\/themexicopost.com\/index.php?rest_route=%2Fwp%2Fv2%2Fcomments&post=69829"}],"version-history":[{"count":1,"href":"https:\/\/themexicopost.com\/index.php?rest_route=\/wp\/v2\/posts\/69829\/revisions"}],"predecessor-version":[{"id":69831,"href":"https:\/\/themexicopost.com\/index.php?rest_route=\/wp\/v2\/posts\/69829\/revisions\/69831"}],"wp:featuredmedia":[{"embeddable":true,"href":"https:\/\/themexicopost.com\/index.php?rest_route=\/wp\/v2\/media\/69830"}],"wp:attachment":[{"href":"https:\/\/themexicopost.com\/index.php?rest_route=%2Fwp%2Fv2%2Fmedia&parent=69829"}],"wp:term":[{"taxonomy":"category","embeddable":true,"href":"https:\/\/themexicopost.com\/index.php?rest_route=%2Fwp%2Fv2%2Fcategories&post=69829"},{"taxonomy":"post_tag","embeddable":true,"href":"https:\/\/themexicopost.com\/index.php?rest_route=%2Fwp%2Fv2%2Ftags&post=69829"}],"curies":[{"name":"wp","href":"https:\/\/api.w.org\/{rel}","templated":true}]}}