{"id":69832,"date":"2025-10-17T08:10:36","date_gmt":"2025-10-17T14:10:36","guid":{"rendered":"https:\/\/themexicopost.com\/?p=69832"},"modified":"2025-10-17T08:10:51","modified_gmt":"2025-10-17T14:10:51","slug":"aprueban-en-georgia-ley-que-contempla-arrestos-y-penas-de-carcel-contra-manifestantes","status":"publish","type":"post","link":"https:\/\/themexicopost.com\/?p=69832","title":{"rendered":"Aprueban en Georgia ley que contempla arrestos y penas de c\u00e1rcel contra manifestantes"},"content":{"rendered":"\n<figure class=\"wp-block-pullquote\"><blockquote><p>-Las protestas antigubernamentales son constantes en la capital del pa\u00eds desde que Tiflis decidiera aplazar hasta 2028 el inicio de las negociaciones de adhesi\u00f3n a la UE.<\/p><\/blockquote><\/figure>\n\n\n\n<p class=\"has-drop-cap\">El Parlamento georgiano aprob\u00f3 una ley que contempla arrestos y penas de c\u00e1rcel contra los participantes en m\u00edtines y manifestaciones que violen la ley, despu\u00e9s de las violentas protestas opositoras que siguieron a las elecciones municipales del 5 de octubre.<br><\/p>\n\n\n\n<p>El corte de calles y carreteras en el marco de protestas ser\u00e1 castigado no con multas de 1.600 euros como hasta ahora, sino con 15 d\u00edas de arresto administrativo.<br><\/p>\n\n\n\n<p>El mismo castigo recibir\u00e1n aquellos que se cubran el rostro, pongan en peligro a otros manifestantes o impidan que la polic\u00eda mantenga el orden.<br><\/p>\n\n\n\n<p>Aquellos poseedores de armas -blancas o de fuego- y objetos pirot\u00e9cnicos, o los que se nieguen a cumplir la exigencia policial de poner fin a una manifestaci\u00f3n callejera ser\u00e1n condenados a 60 d\u00edas de arresto.<br><\/p>\n\n\n\n<p>Seg\u00fan el nuevo C\u00f3digo Penal, en caso de reincidencia a la hora de desacatar o insultar a la polic\u00eda, el culpable podr\u00eda cumplir hasta dos a\u00f1os de c\u00e1rcel.<br><\/p>\n\n\n\n<p>Ese es un argumento esgrimido repetidamente en los \u00faltimos a\u00f1os por el Gobierno del partido Sue\u00f1o Georgiano cada vez que aprueba una ley represora que es criticada por la oposici\u00f3n o la Uni\u00f3n Europea (UE)<br><\/p>\n\n\n\n<p>Las elecciones municipales del 5 de octubre desembocaron en graves disturbios y en un frustrado intento de asalto al palacio presidencial.<br><\/p>\n\n\n\n<p>Kobajidze acus\u00f3 a la burocracia europea de estar \u00abimplicada directamente en las acciones antigubernamentales contra los intereses nacionales de Georgia.<br><\/p>\n\n\n\n<p>Las protestas antigubernamentales son constantes en la capital del pa\u00eds desde que Tiflis decidiera aplazar hasta 2028 el inicio de las negociaciones de adhesi\u00f3n a la UE.<br><\/p>\n\n\n\n<p>Las autoridades cifran en m\u00e1s de medio millar los manifestantes heridos, a lo que hay que sumar unos 170 polic\u00edas. Adem\u00e1s, m\u00e1s de cincuenta detenidos podr\u00edan ser condenados a largas penas.<\/p>\n","protected":false},"excerpt":{"rendered":"<p>-Las protestas antigubernamentales son constantes en la capital del pa\u00eds desde que Tiflis decidiera aplazar hasta 2028 el inicio de las negociaciones de adhesi\u00f3n a la UE. El Parlamento georgiano aprob\u00f3 una ley que contempla arrestos y penas de c\u00e1rcel contra los participantes en m\u00edtines y manifestaciones que violen la ley, despu\u00e9s de las violentas [&hellip;]<\/p>\n","protected":false},"author":1,"featured_media":69833,"comment_status":"closed","ping_status":"closed","sticky":false,"template":"","format":"standard","meta":{"footnotes":""},"categories":[83,80,85],"tags":[],"class_list":["post-69832","post","type-post","status-publish","format-standard","has-post-thumbnail","hentry","category-destacado","category-mundo","category-portada"],"_links":{"self":[{"href":"https:\/\/themexicopost.com\/index.php?rest_route=\/wp\/v2\/posts\/69832","targetHints":{"allow":["GET"]}}],"collection":[{"href":"https:\/\/themexicopost.com\/index.php?rest_route=\/wp\/v2\/posts"}],"about":[{"href":"https:\/\/themexicopost.com\/index.php?rest_route=\/wp\/v2\/types\/post"}],"author":[{"embeddable":true,"href":"https:\/\/themexicopost.com\/index.php?rest_route=\/wp\/v2\/users\/1"}],"replies":[{"embeddable":true,"href":"https:\/\/themexicopost.com\/index.php?rest_route=%2Fwp%2Fv2%2Fcomments&post=69832"}],"version-history":[{"count":1,"href":"https:\/\/themexicopost.com\/index.php?rest_route=\/wp\/v2\/posts\/69832\/revisions"}],"predecessor-version":[{"id":69834,"href":"https:\/\/themexicopost.com\/index.php?rest_route=\/wp\/v2\/posts\/69832\/revisions\/69834"}],"wp:featuredmedia":[{"embeddable":true,"href":"https:\/\/themexicopost.com\/index.php?rest_route=\/wp\/v2\/media\/69833"}],"wp:attachment":[{"href":"https:\/\/themexicopost.com\/index.php?rest_route=%2Fwp%2Fv2%2Fmedia&parent=69832"}],"wp:term":[{"taxonomy":"category","embeddable":true,"href":"https:\/\/themexicopost.com\/index.php?rest_route=%2Fwp%2Fv2%2Fcategories&post=69832"},{"taxonomy":"post_tag","embeddable":true,"href":"https:\/\/themexicopost.com\/index.php?rest_route=%2Fwp%2Fv2%2Ftags&post=69832"}],"curies":[{"name":"wp","href":"https:\/\/api.w.org\/{rel}","templated":true}]}}