{"id":69835,"date":"2025-10-17T08:11:49","date_gmt":"2025-10-17T14:11:49","guid":{"rendered":"https:\/\/themexicopost.com\/?p=69835"},"modified":"2025-10-17T08:12:04","modified_gmt":"2025-10-17T14:12:04","slug":"acuerdan-rusia-y-estados-unidos-reunirse-en-budapest","status":"publish","type":"post","link":"https:\/\/themexicopost.com\/?p=69835","title":{"rendered":"Acuerdan Rusia y Estados Unidos reunirse en Budapest"},"content":{"rendered":"\n<figure class=\"wp-block-pullquote\"><blockquote><p>El Kremlin advirti\u00f3 en v\u00edsperas de la reuni\u00f3n que el suministro de Tomahawks a Kiev supondr\u00eda un nuevo nivel de escalada.<\/p><\/blockquote><\/figure>\n\n\n\n<p class=\"has-drop-cap\">El presidente de Estados Unidos, Donald Trump, anunci\u00f3 que se reunir\u00e1 con su hom\u00f3logo ruso, Vlad\u00edmir Putin, en Budapest, para intentar poner fin a la guerra de Ucrania, pero no detall\u00f3 la fecha exacta.<br><\/p>\n\n\n\n<p>Ser\u00e1 el segundo encuentro entre ambos mandatarios tras el que tuvieron el pasado 15 de agosto en Alaska.<br><\/p>\n\n\n\n<p>Trump hizo este anuncio tras mantener una llamada con Putin, un d\u00eda antes de recibir en la Casa Blanca al presidente ucraniano, Volod\u00edmir Zelenski.<br><\/p>\n\n\n\n<p>\u201cEl presidente Putin y yo nos reuniremos en un lugar acordado, Budapest, Hungr\u00eda, para ver si podemos poner fin a esta guerra ignominiosa entre Rusia y Ucrania\u201c, apunt\u00f3 el l\u00edder estadounidense en su red social, Truth Social.<br><\/p>\n\n\n\n<p>Seg\u00fan Trump, ambos acordaron tambi\u00e9n que la pr\u00f3xima semana se celebre en un lugar por determinar una reuni\u00f3n de asesores de alto nivel, en la que participar\u00e1 del lado estadounidense, el secretario de Estado, Marco Rubio.<br><\/p>\n\n\n\n<p>El republicano record\u00f3 que se reunir\u00e1 en el Despacho Oval con Zelenski y avanz\u00f3 que ambos hablar\u00e1n de la conversaci\u00f3n que mantuvo con Putin y de mucho m\u00e1s.<br><\/p>\n\n\n\n<p>\u201cCreo que la conversaci\u00f3n telef\u00f3nica de hoy ha dado un gran paso adelante\u201d, expres\u00f3.<br><\/p>\n\n\n\n<p>De acuerdo con Trump, la llamada fue muy productiva y Putin lo felicit\u00f3 por el gran logro de paz en Oriente Medio, en referencia al acuerdo de alto el fuego en Gaza.<br><\/p>\n\n\n\n<p>Putin tambi\u00e9n agradeci\u00f3 a la primera dama estadounidense, Melania Trump, por sus gestiones para la reunificaci\u00f3n de ni\u00f1os ucranianos con sus familias, asegur\u00f3 el republicano.<br><\/p>\n\n\n\n<p>Trump sugiri\u00f3 esta semana la posibilidad de entregar a Ucrania misiles Tomahawk, lo que se ha interpretado como un nuevo giro en la estrategia de la Casa Blanca para aumentar la presi\u00f3n sobre Putin.<br><\/p>\n\n\n\n<p>El Kremlin advirti\u00f3 en v\u00edsperas de la reuni\u00f3n, que el suministro de Tomahawks a Kiev supondr\u00eda un nuevo nivel de escalada.<\/p>\n","protected":false},"excerpt":{"rendered":"<p>El Kremlin advirti\u00f3 en v\u00edsperas de la reuni\u00f3n que el suministro de Tomahawks a Kiev supondr\u00eda un nuevo nivel de escalada. El presidente de Estados Unidos, Donald Trump, anunci\u00f3 que se reunir\u00e1 con su hom\u00f3logo ruso, Vlad\u00edmir Putin, en Budapest, para intentar poner fin a la guerra de Ucrania, pero no detall\u00f3 la fecha exacta. [&hellip;]<\/p>\n","protected":false},"author":1,"featured_media":69836,"comment_status":"closed","ping_status":"closed","sticky":false,"template":"","format":"standard","meta":{"footnotes":""},"categories":[83,80,85],"tags":[],"class_list":["post-69835","post","type-post","status-publish","format-standard","has-post-thumbnail","hentry","category-destacado","category-mundo","category-portada"],"_links":{"self":[{"href":"https:\/\/themexicopost.com\/index.php?rest_route=\/wp\/v2\/posts\/69835","targetHints":{"allow":["GET"]}}],"collection":[{"href":"https:\/\/themexicopost.com\/index.php?rest_route=\/wp\/v2\/posts"}],"about":[{"href":"https:\/\/themexicopost.com\/index.php?rest_route=\/wp\/v2\/types\/post"}],"author":[{"embeddable":true,"href":"https:\/\/themexicopost.com\/index.php?rest_route=\/wp\/v2\/users\/1"}],"replies":[{"embeddable":true,"href":"https:\/\/themexicopost.com\/index.php?rest_route=%2Fwp%2Fv2%2Fcomments&post=69835"}],"version-history":[{"count":1,"href":"https:\/\/themexicopost.com\/index.php?rest_route=\/wp\/v2\/posts\/69835\/revisions"}],"predecessor-version":[{"id":69837,"href":"https:\/\/themexicopost.com\/index.php?rest_route=\/wp\/v2\/posts\/69835\/revisions\/69837"}],"wp:featuredmedia":[{"embeddable":true,"href":"https:\/\/themexicopost.com\/index.php?rest_route=\/wp\/v2\/media\/69836"}],"wp:attachment":[{"href":"https:\/\/themexicopost.com\/index.php?rest_route=%2Fwp%2Fv2%2Fmedia&parent=69835"}],"wp:term":[{"taxonomy":"category","embeddable":true,"href":"https:\/\/themexicopost.com\/index.php?rest_route=%2Fwp%2Fv2%2Fcategories&post=69835"},{"taxonomy":"post_tag","embeddable":true,"href":"https:\/\/themexicopost.com\/index.php?rest_route=%2Fwp%2Fv2%2Ftags&post=69835"}],"curies":[{"name":"wp","href":"https:\/\/api.w.org\/{rel}","templated":true}]}}