{"id":70577,"date":"2025-10-29T08:15:41","date_gmt":"2025-10-29T14:15:41","guid":{"rendered":"https:\/\/themexicopost.com\/?p=70577"},"modified":"2025-10-29T08:15:48","modified_gmt":"2025-10-29T14:15:48","slug":"destinara-alemania-mas-de-mil-mdd-para-atender-a-sobrevivientes-del-holocausto-en-2026","status":"publish","type":"post","link":"https:\/\/themexicopost.com\/?p=70577","title":{"rendered":"Destinar\u00e1 Alemania m\u00e1s de mil mdd para atender a sobrevivientes del Holocausto en 2026"},"content":{"rendered":"\n<figure class=\"wp-block-pullquote\"><blockquote><p>Los datos recopilados por la organizaci\u00f3n muestran que los sobrevivientes est\u00e1n experimentando necesidades de salud m\u00e1s complejas y una mayor discapacidad.<\/p><\/blockquote><\/figure>\n\n\n\n<p class=\"has-drop-cap\">La organizaci\u00f3n que gestiona las reclamaciones en nombre de los jud\u00edos que sufrieron bajo el r\u00e9gimen nazi anunci\u00f3 el mi\u00e9rcoles que Alemania acord\u00f3 otorgar otros 1.076 millones de d\u00f3lares (923,9 millones de euros) para la atenci\u00f3n domiciliaria de sobrevivientes del Holocausto en todo el mundo durante el pr\u00f3ximo a\u00f1o.<br><\/p>\n\n\n\n<p>La compensaci\u00f3n se negoci\u00f3 con el Ministerio de Finanzas alem\u00e1n y representa el mayor presupuesto para la atenci\u00f3n domiciliaria de sobrevivientes del Holocausto fr\u00e1giles y vulnerables en la historia de la organizaci\u00f3n.<br><\/p>\n\n\n\n<p>La edad promedio de los sobrevivientes que reciben atenci\u00f3n domiciliaria a trav\u00e9s de la financiaci\u00f3n de la Conferencia de Reclamaciones ha aumentado de 86 a\u00f1os en 2018 a 88,5 en 2024.<br><\/p>\n\n\n\n<p>Los datos recopilados por la organizaci\u00f3n muestran que los sobrevivientes est\u00e1n experimentando necesidades de salud m\u00e1s complejas y una mayor discapacidad, y el n\u00famero de sobrevivientes que califican para recibir asistencia a tiempo completo debido a una discapacidad extrema, como la enfermedad de Alzheimer, la enfermedad de Parkinson y la demencia, casi se ha duplicado durante ese per\u00edodo.<br><\/p>\n\n\n\n<p>Adem\u00e1s, los pagos suplementarios del Fondo de Dificultades, que anteriormente se garantizaban anualmente a los sobrevivientes del Holocausto que cumpl\u00edan los requisitos hasta 2027, se han extendido hasta 2028 por un monto de 1450 \u20ac por sobreviviente, lo que beneficia a m\u00e1s de 127 000 sobrevivientes del Holocausto en todo el mundo.<br><\/p>\n\n\n\n<p>La Conferencia de Reclamaciones proyect\u00f3 en abril que aproximadamente 200.000 sobrevivientes siguen con vida, la mayor\u00eda de ellos viviendo en Israel, Estados Unidos y Europa, pero tambi\u00e9n dispersos por todo el mundo.<br><\/p>\n\n\n\n<p>Adem\u00e1s, los rescatadores justos \u2014no jud\u00edos que arriesgaron sus vidas para salvar a jud\u00edos durante el Holocausto\u2014 que actualmente reciben una pensi\u00f3n mensual de la Conferencia de Reclamaciones podr\u00e1n recibir atenci\u00f3n domiciliaria similar a la que se brinda a los sobrevivientes jud\u00edos, lo que les permitir\u00e1 vivir sus \u00faltimos a\u00f1os con dignidad en sus propios hogares, anunci\u00f3 el grupo.<br><\/p>\n\n\n\n<p>La financiaci\u00f3n para la educaci\u00f3n sobre el Holocausto tambi\u00e9n se extendi\u00f3 hasta 2029, por un total de 175 millones de euros.<br><\/p>\n\n\n\n<p>La financiaci\u00f3n llega en un momento en que el conocimiento sobre el Holocausto est\u00e1 en declive y el antisemitismo est\u00e1 en marcado aumento. La financiaci\u00f3n para programas educativos incluir\u00e1 iniciativas de formaci\u00f3n docente, investigaci\u00f3n acad\u00e9mica y medios de comunicaci\u00f3n masivos, como el cine, los videojuegos y las experiencias de realidad virtual, que tienen un mayor potencial para llegar a un p\u00fablico m\u00e1s amplio y general, afirm\u00f3 el grupo.<\/p>\n","protected":false},"excerpt":{"rendered":"<p>Los datos recopilados por la organizaci\u00f3n muestran que los sobrevivientes est\u00e1n experimentando necesidades de salud m\u00e1s complejas y una mayor discapacidad. La organizaci\u00f3n que gestiona las reclamaciones en nombre de los jud\u00edos que sufrieron bajo el r\u00e9gimen nazi anunci\u00f3 el mi\u00e9rcoles que Alemania acord\u00f3 otorgar otros 1.076 millones de d\u00f3lares (923,9 millones de euros) para [&hellip;]<\/p>\n","protected":false},"author":1,"featured_media":70584,"comment_status":"closed","ping_status":"closed","sticky":false,"template":"","format":"standard","meta":{"footnotes":""},"categories":[83,80],"tags":[],"class_list":["post-70577","post","type-post","status-publish","format-standard","has-post-thumbnail","hentry","category-destacado","category-mundo"],"_links":{"self":[{"href":"https:\/\/themexicopost.com\/index.php?rest_route=\/wp\/v2\/posts\/70577","targetHints":{"allow":["GET"]}}],"collection":[{"href":"https:\/\/themexicopost.com\/index.php?rest_route=\/wp\/v2\/posts"}],"about":[{"href":"https:\/\/themexicopost.com\/index.php?rest_route=\/wp\/v2\/types\/post"}],"author":[{"embeddable":true,"href":"https:\/\/themexicopost.com\/index.php?rest_route=\/wp\/v2\/users\/1"}],"replies":[{"embeddable":true,"href":"https:\/\/themexicopost.com\/index.php?rest_route=%2Fwp%2Fv2%2Fcomments&post=70577"}],"version-history":[{"count":1,"href":"https:\/\/themexicopost.com\/index.php?rest_route=\/wp\/v2\/posts\/70577\/revisions"}],"predecessor-version":[{"id":70585,"href":"https:\/\/themexicopost.com\/index.php?rest_route=\/wp\/v2\/posts\/70577\/revisions\/70585"}],"wp:featuredmedia":[{"embeddable":true,"href":"https:\/\/themexicopost.com\/index.php?rest_route=\/wp\/v2\/media\/70584"}],"wp:attachment":[{"href":"https:\/\/themexicopost.com\/index.php?rest_route=%2Fwp%2Fv2%2Fmedia&parent=70577"}],"wp:term":[{"taxonomy":"category","embeddable":true,"href":"https:\/\/themexicopost.com\/index.php?rest_route=%2Fwp%2Fv2%2Fcategories&post=70577"},{"taxonomy":"post_tag","embeddable":true,"href":"https:\/\/themexicopost.com\/index.php?rest_route=%2Fwp%2Fv2%2Ftags&post=70577"}],"curies":[{"name":"wp","href":"https:\/\/api.w.org\/{rel}","templated":true}]}}