{"id":70654,"date":"2025-10-30T07:40:45","date_gmt":"2025-10-30T13:40:45","guid":{"rendered":"https:\/\/themexicopost.com\/?p=70654"},"modified":"2025-10-30T07:40:56","modified_gmt":"2025-10-30T13:40:56","slug":"van-a-prision-los-dos-sospechosos-por-robo-del-louvre","status":"publish","type":"post","link":"https:\/\/themexicopost.com\/?p=70654","title":{"rendered":"Van a prisi\u00f3n los dos sospechosos por robo del Louvre"},"content":{"rendered":"\n<figure class=\"wp-block-pullquote\"><blockquote><p>-Los hombres de 34 y 39 a\u00f1os fueron acusados por &#8220;robo en banda organizada y asociaci\u00f3n para delinquir con miras a cometer un crimen&#8221;.<\/p><\/blockquote><\/figure>\n\n\n\n<p class=\"has-drop-cap\">Los dos hombres detenidos el s\u00e1bado como sospechosos de participar en el espectacular robo en el museo del Louvre de Par\u00eds fueron inculpados y encarcelados, anunci\u00f3 la fiscal\u00eda de la capital de Francia.<br><\/p>\n\n\n\n<p>Ambos reconocieron parcialmente los hechos, hab\u00eda declarado antes la fiscal de Par\u00eds, Laure Beccuau, quien indic\u00f3 que las joyas sustra\u00eddas a\u00fan no han sido encontradas.<br><\/p>\n\n\n\n<p>De 34 y 39 a\u00f1os de edad, los hombres, que fueron detenidos e inculpados por robo en banda organizada, y asociaci\u00f3n para delinquir con miras a cometer un crimen y encarcelados, precis\u00f3 la fiscal\u00eda de la Jurisdicci\u00f3n interregional especializada (Jirs).<br><\/p>\n\n\n\n<p>Ambos formar\u00edan parte del comando de cuatro hombres que, el domingo 19 de octubre, hurt\u00f3 en cuesti\u00f3n de minutos ocho joyas de la corona francesa, cuyo valor se estima en m\u00e1s de 100 millones de d\u00f3lares.<br><\/p>\n\n\n\n<p>Se sospecha que son quienes ingresaron en la galer\u00eda Apolo para apoderarse de las joyas, precis\u00f3 Beccuau en una rueda de prensa.<br><\/p>\n\n\n\n<p>El robo en banda organizada es un delito que conlleva una pena de hasta 15 a\u00f1os de prisi\u00f3n, y la asociaci\u00f3n para delinquir puede acarrear hasta 10 a\u00f1os de c\u00e1rcel, hab\u00eda indicado la fiscal.<br><\/p>\n\n\n\n<p>Beccuau precis\u00f3 que nada permite afirmar por el momento que los delincuentes hayan contado con alg\u00fan tipo de complicidad dentro del museo.<br><\/p>\n\n\n\n<p>Sin embargo, a\u00f1adi\u00f3 que no se excluye la posibilidad de que exista un grupo mucho m\u00e1s amplio que los cuatro delincuentes identificados por las c\u00e1maras de vigilancia, incluyendo un autor intelectual e incluso personas que podr\u00edan haber sido los destinatarios.<\/p>\n","protected":false},"excerpt":{"rendered":"<p>-Los hombres de 34 y 39 a\u00f1os fueron acusados por &#8220;robo en banda organizada y asociaci\u00f3n para delinquir con miras a cometer un crimen&#8221;. Los dos hombres detenidos el s\u00e1bado como sospechosos de participar en el espectacular robo en el museo del Louvre de Par\u00eds fueron inculpados y encarcelados, anunci\u00f3 la fiscal\u00eda de la capital [&hellip;]<\/p>\n","protected":false},"author":1,"featured_media":70661,"comment_status":"closed","ping_status":"closed","sticky":false,"template":"","format":"standard","meta":{"footnotes":""},"categories":[83,80],"tags":[],"class_list":["post-70654","post","type-post","status-publish","format-standard","has-post-thumbnail","hentry","category-destacado","category-mundo"],"_links":{"self":[{"href":"https:\/\/themexicopost.com\/index.php?rest_route=\/wp\/v2\/posts\/70654","targetHints":{"allow":["GET"]}}],"collection":[{"href":"https:\/\/themexicopost.com\/index.php?rest_route=\/wp\/v2\/posts"}],"about":[{"href":"https:\/\/themexicopost.com\/index.php?rest_route=\/wp\/v2\/types\/post"}],"author":[{"embeddable":true,"href":"https:\/\/themexicopost.com\/index.php?rest_route=\/wp\/v2\/users\/1"}],"replies":[{"embeddable":true,"href":"https:\/\/themexicopost.com\/index.php?rest_route=%2Fwp%2Fv2%2Fcomments&post=70654"}],"version-history":[{"count":1,"href":"https:\/\/themexicopost.com\/index.php?rest_route=\/wp\/v2\/posts\/70654\/revisions"}],"predecessor-version":[{"id":70662,"href":"https:\/\/themexicopost.com\/index.php?rest_route=\/wp\/v2\/posts\/70654\/revisions\/70662"}],"wp:featuredmedia":[{"embeddable":true,"href":"https:\/\/themexicopost.com\/index.php?rest_route=\/wp\/v2\/media\/70661"}],"wp:attachment":[{"href":"https:\/\/themexicopost.com\/index.php?rest_route=%2Fwp%2Fv2%2Fmedia&parent=70654"}],"wp:term":[{"taxonomy":"category","embeddable":true,"href":"https:\/\/themexicopost.com\/index.php?rest_route=%2Fwp%2Fv2%2Fcategories&post=70654"},{"taxonomy":"post_tag","embeddable":true,"href":"https:\/\/themexicopost.com\/index.php?rest_route=%2Fwp%2Fv2%2Ftags&post=70654"}],"curies":[{"name":"wp","href":"https:\/\/api.w.org\/{rel}","templated":true}]}}