{"id":70669,"date":"2025-10-30T07:45:55","date_gmt":"2025-10-30T13:45:55","guid":{"rendered":"https:\/\/themexicopost.com\/?p=70669"},"modified":"2025-10-30T07:45:59","modified_gmt":"2025-10-30T13:45:59","slug":"2400-personas-son-acusadas-en-marruecos-por-protestas-de-la-generacion-z","status":"publish","type":"post","link":"https:\/\/themexicopost.com\/?p=70669","title":{"rendered":"2400 personas son acusadas en Marruecos por protestas de la Generaci\u00f3n Z"},"content":{"rendered":"\n<figure class=\"wp-block-pullquote\"><blockquote><p>Las manifestaciones tomaron por sorpresa a Marruecos despu\u00e9s de que un movimiento juvenil llamado Gen Z 212 movilizara a miles de personas en todo el pa\u00eds para protestar por el estado de los servicios p\u00fablicos.<\/p><\/blockquote><\/figure>\n\n\n\n<p class=\"has-drop-cap\">Marruecos ha acusado a m\u00e1s de 2.400 personas por las recientes protestas lideradas por j\u00f3venes que se tornaron violentas, en una contundente respuesta a algunas de las mayores manifestaciones antigubernamentales del pa\u00eds en a\u00f1os.<br><\/p>\n\n\n\n<p>De los 2.480 acusados, 1.473 permanecen bajo custodia a la espera de juicio. Los cargos incluyen rebeli\u00f3n armada, insultos y violencia contra un funcionario p\u00fablico en el ejercicio de sus funciones e incitaci\u00f3n a cometer delitos.<br><\/p>\n\n\n\n<p>Las manifestaciones tomaron por sorpresa a Marruecos despu\u00e9s de que un movimiento juvenil llamado Gen Z 212 movilizara a miles de personas en todo el pa\u00eds para protestar por el estado de los servicios p\u00fablicos. El movimiento, organizado en plataformas de redes sociales como Discord, critic\u00f3 el gasto p\u00fablico en infraestructura para albergar eventos deportivos mientras se descuidaban los servicios sociales.<br><\/p>\n\n\n\n<p>Los organizadores instaron a manifestaciones pac\u00edficas, las protestas se tornaron violentas en algunas ciudades y pueblos, dejando tres muertos, muchos heridos y da\u00f1os a comercios y veh\u00edculos. Organizaciones de derechos humanos criticaron la mano dura de las autoridades contra los manifestantes, pero el fiscal general afirm\u00f3 que las intervenciones se llevaron a cabo legalmente.<br><\/p>\n\n\n\n<p>La ola de detenciones ha alarmado a las organizaciones de derechos humanos y se ha convertido en un nuevo grito de guerra para los manifestantes, quienes en protestas recientes han portado pancartas en apoyo a los detenidos por participar en las manifestaciones.<br><\/p>\n\n\n\n<p>La fiscal\u00eda inform\u00f3 que m\u00e1s de 400 personas fueron condenadas, con penas que oscilan entre uno y quince a\u00f1os. A\u00f1adi\u00f3 que 34 personas fueron absueltas de todos los cargos. \u2014 Sam Metz contribuy\u00f3 a este reportaje desde Rabat, Marruecos.<\/p>\n","protected":false},"excerpt":{"rendered":"<p>Las manifestaciones tomaron por sorpresa a Marruecos despu\u00e9s de que un movimiento juvenil llamado Gen Z 212 movilizara a miles de personas en todo el pa\u00eds para protestar por el estado de los servicios p\u00fablicos. Marruecos ha acusado a m\u00e1s de 2.400 personas por las recientes protestas lideradas por j\u00f3venes que se tornaron violentas, en [&hellip;]<\/p>\n","protected":false},"author":1,"featured_media":70670,"comment_status":"closed","ping_status":"closed","sticky":false,"template":"","format":"standard","meta":{"footnotes":""},"categories":[80],"tags":[],"class_list":["post-70669","post","type-post","status-publish","format-standard","has-post-thumbnail","hentry","category-mundo"],"_links":{"self":[{"href":"https:\/\/themexicopost.com\/index.php?rest_route=\/wp\/v2\/posts\/70669","targetHints":{"allow":["GET"]}}],"collection":[{"href":"https:\/\/themexicopost.com\/index.php?rest_route=\/wp\/v2\/posts"}],"about":[{"href":"https:\/\/themexicopost.com\/index.php?rest_route=\/wp\/v2\/types\/post"}],"author":[{"embeddable":true,"href":"https:\/\/themexicopost.com\/index.php?rest_route=\/wp\/v2\/users\/1"}],"replies":[{"embeddable":true,"href":"https:\/\/themexicopost.com\/index.php?rest_route=%2Fwp%2Fv2%2Fcomments&post=70669"}],"version-history":[{"count":1,"href":"https:\/\/themexicopost.com\/index.php?rest_route=\/wp\/v2\/posts\/70669\/revisions"}],"predecessor-version":[{"id":70671,"href":"https:\/\/themexicopost.com\/index.php?rest_route=\/wp\/v2\/posts\/70669\/revisions\/70671"}],"wp:featuredmedia":[{"embeddable":true,"href":"https:\/\/themexicopost.com\/index.php?rest_route=\/wp\/v2\/media\/70670"}],"wp:attachment":[{"href":"https:\/\/themexicopost.com\/index.php?rest_route=%2Fwp%2Fv2%2Fmedia&parent=70669"}],"wp:term":[{"taxonomy":"category","embeddable":true,"href":"https:\/\/themexicopost.com\/index.php?rest_route=%2Fwp%2Fv2%2Fcategories&post=70669"},{"taxonomy":"post_tag","embeddable":true,"href":"https:\/\/themexicopost.com\/index.php?rest_route=%2Fwp%2Fv2%2Ftags&post=70669"}],"curies":[{"name":"wp","href":"https:\/\/api.w.org\/{rel}","templated":true}]}}