{"id":70972,"date":"2025-11-04T08:46:13","date_gmt":"2025-11-04T14:46:13","guid":{"rendered":"https:\/\/themexicopost.com\/?p=70972"},"modified":"2025-11-04T08:46:21","modified_gmt":"2025-11-04T14:46:21","slug":"trump-prepara-accion-militar-secreta-en-mexico-para-acabar-con-carteles","status":"publish","type":"post","link":"https:\/\/themexicopost.com\/?p=70972","title":{"rendered":"TRUMP PREPARA ACCI\u00d3N MILITAR SECRETA EN M\u00c9XICO PARA ACABAR CON C\u00c1RTELES"},"content":{"rendered":"\n<figure class=\"wp-block-pullquote\"><blockquote><p>-De aprobarse esta ser\u00eda la primera vez que Estados Unidos ejecutar\u00eda operaciones militares directas dentro de M\u00e9xico.<\/p><\/blockquote><\/figure>\n\n\n\n<p class=\"has-drop-cap\">Informaron algunos medios que la Administraci\u00f3n del presidente Donald Trump habr\u00eda iniciado planes detallados para una nueva misi\u00f3n militar en territorio mexicano con el objetivo de atacar directamente a los c\u00e1rteles del narcotr\u00e1fico.<br><\/p>\n\n\n\n<p>As\u00ed lo se\u00f1al\u00f3 NBC News, que cita a dos funcionarios estadounidenses en activo y dos exfuncionarios de alto nivel familiarizados con el tema.<br><\/p>\n\n\n\n<p>El plan contempla el despliegue de tropas y agentes de inteligencia estadounidenses en M\u00e9xico, lo que representar\u00eda una ruptura dr\u00e1stica con la pol\u00edtica tradicional de cooperaci\u00f3n discreta que Washington ha mantenido con el Gobierno mexicano, ahora liderado por Claudia Sheinbaum.<br><\/p>\n\n\n\n<figure class=\"wp-block-image size-large\"><img fetchpriority=\"high\" decoding=\"async\" width=\"1024\" height=\"684\" src=\"https:\/\/themexicopost.com\/wp-content\/uploads\/2025\/11\/trump-2-1024x684.jpg\" alt=\"\" class=\"wp-image-70980\" srcset=\"https:\/\/themexicopost.com\/wp-content\/uploads\/2025\/11\/trump-2-1024x684.jpg 1024w, https:\/\/themexicopost.com\/wp-content\/uploads\/2025\/11\/trump-2-300x201.jpg 300w, https:\/\/themexicopost.com\/wp-content\/uploads\/2025\/11\/trump-2-768x513.jpg 768w, https:\/\/themexicopost.com\/wp-content\/uploads\/2025\/11\/trump-2.jpg 1200w\" sizes=\"(max-width: 1024px) 100vw, 1024px\" \/><\/figure>\n\n\n\n<p>Las primeras fases de entrenamiento ya habr\u00edan comenzado, aunque una decisi\u00f3n final sobre la operaci\u00f3n a\u00fan no ha sido tomada, seg\u00fan las fuentes consultadas por el medio.<br><\/p>\n\n\n\n<p>Los funcionarios an\u00f3nimos explicaron que los efectivos, integrantes del Comando de Operaciones Especiales Conjuntas (JSOC), operar\u00edan bajo la autoridad de la comunidad de inteligencia estadounidense (T\u00edtulo 50), lo que permitir\u00eda llevar a cabo acciones encubiertas. Tambi\u00e9n participar\u00edan agentes de la CIA, seg\u00fan &#8216;NBC News&#8217;.<br><\/p>\n\n\n\n<p>Este proyecto incluir\u00eda ataques con drones contra laboratorios de drogas y l\u00edderes criminales, algunos de los cuales requerir\u00edan la presencia de operadores estadounidenses en suelo mexicano.<br><\/p>\n\n\n\n<figure class=\"wp-block-image size-large\"><img decoding=\"async\" width=\"1024\" height=\"684\" src=\"https:\/\/themexicopost.com\/wp-content\/uploads\/2025\/11\/trump-4-1024x684.jpg\" alt=\"\" class=\"wp-image-70981\" srcset=\"https:\/\/themexicopost.com\/wp-content\/uploads\/2025\/11\/trump-4-1024x684.jpg 1024w, https:\/\/themexicopost.com\/wp-content\/uploads\/2025\/11\/trump-4-300x201.jpg 300w, https:\/\/themexicopost.com\/wp-content\/uploads\/2025\/11\/trump-4-768x513.jpg 768w, https:\/\/themexicopost.com\/wp-content\/uploads\/2025\/11\/trump-4.jpg 1200w\" sizes=\"(max-width: 1024px) 100vw, 1024px\" \/><\/figure>\n\n\n\n<p>Fue en febrero, cuando el Departamento de Estado design\u00f3 a seis c\u00e1rteles mexicanos, junto con el grupo salvadore\u00f1o MS-13 y la banda venezolana Tren de Aragua, como organizaciones terroristas extranjeras, una medida que otorga a las agencias estadounidenses mayores facultades legales para realizar operaciones encubiertas.<br><\/p>\n\n\n\n<p>De aprobarse esta ser\u00eda la primera vez que Estados Unidos ejecutar\u00eda operaciones militares directas dentro de M\u00e9xico, seg\u00fan el informe.<br><\/p>\n\n\n\n<p>A diferencia de misiones anteriores, m\u00e1s centradas en inteligencia o apoyo a fuerzas locales, esta implicar\u00eda acciones ofensivas secretas contra objetivos de los c\u00e1rteles.<br><\/p>\n\n\n\n<figure class=\"wp-block-image size-large\"><img decoding=\"async\" width=\"1024\" height=\"684\" src=\"https:\/\/themexicopost.com\/wp-content\/uploads\/2025\/11\/trump-5-1024x684.jpg\" alt=\"\" class=\"wp-image-70982\" srcset=\"https:\/\/themexicopost.com\/wp-content\/uploads\/2025\/11\/trump-5-1024x684.jpg 1024w, https:\/\/themexicopost.com\/wp-content\/uploads\/2025\/11\/trump-5-300x201.jpg 300w, https:\/\/themexicopost.com\/wp-content\/uploads\/2025\/11\/trump-5-768x513.jpg 768w, https:\/\/themexicopost.com\/wp-content\/uploads\/2025\/11\/trump-5.jpg 1200w\" sizes=\"(max-width: 1024px) 100vw, 1024px\" \/><\/figure>\n\n\n\n<p>Un alto funcionario citado por &#8216;NBC News&#8217; afirm\u00f3 que el Gobierno de Trump est\u00e1 comprometido a usar &#8220;todo el aparato del Estado&#8221; para combatir la amenaza que representan los c\u00e1rteles para los ciudadanos estadounidenses. Ni la CIA ni el Pent\u00e1gono ofrecieron comentarios sobre el informe. La posible intervenci\u00f3n ha generado tensiones diplom\u00e1ticas.<br><\/p>\n\n\n\n<p>Aunque la Administraci\u00f3n estadounidense preferir\u00eda actuar en coordinaci\u00f3n con el Gobierno mexicano, no se descarta la opci\u00f3n de operar sin autorizaci\u00f3n de M\u00e9xico, se\u00f1alaron las fuentes citadas.<br><\/p>\n\n\n\n<p>Trump ha sostenido que los c\u00e1rteles mexicanos y venezolanos representan una amenaza directa a la seguridad nacional y ha defendido el uso de la fuerza como respuesta. &#8220;Tengo un gran respeto por la presidenta de M\u00e9xico, una mujer valiente, pero M\u00e9xico est\u00e1 controlado por los c\u00e1rteles&#8221;, declar\u00f3 recientemente el mandatario.<\/p>\n\n\n\n<figure class=\"wp-block-image size-large\"><img loading=\"lazy\" decoding=\"async\" width=\"1024\" height=\"684\" src=\"https:\/\/themexicopost.com\/wp-content\/uploads\/2025\/11\/trump-1024x684.jpg\" alt=\"\" class=\"wp-image-70983\" srcset=\"https:\/\/themexicopost.com\/wp-content\/uploads\/2025\/11\/trump-1024x684.jpg 1024w, https:\/\/themexicopost.com\/wp-content\/uploads\/2025\/11\/trump-300x201.jpg 300w, https:\/\/themexicopost.com\/wp-content\/uploads\/2025\/11\/trump-768x513.jpg 768w, https:\/\/themexicopost.com\/wp-content\/uploads\/2025\/11\/trump.jpg 1200w\" sizes=\"(max-width: 1024px) 100vw, 1024px\" \/><\/figure>\n","protected":false},"excerpt":{"rendered":"<p>De aprobarse esta ser\u00eda la primera vez que Estados Unidos ejecutar\u00eda operaciones militares directas dentro de M\u00e9xico,<\/p>\n","protected":false},"author":1,"featured_media":70979,"comment_status":"closed","ping_status":"closed","sticky":false,"template":"","format":"standard","meta":{"footnotes":""},"categories":[83,80,85],"tags":[],"class_list":["post-70972","post","type-post","status-publish","format-standard","has-post-thumbnail","hentry","category-destacado","category-mundo","category-portada"],"_links":{"self":[{"href":"https:\/\/themexicopost.com\/index.php?rest_route=\/wp\/v2\/posts\/70972","targetHints":{"allow":["GET"]}}],"collection":[{"href":"https:\/\/themexicopost.com\/index.php?rest_route=\/wp\/v2\/posts"}],"about":[{"href":"https:\/\/themexicopost.com\/index.php?rest_route=\/wp\/v2\/types\/post"}],"author":[{"embeddable":true,"href":"https:\/\/themexicopost.com\/index.php?rest_route=\/wp\/v2\/users\/1"}],"replies":[{"embeddable":true,"href":"https:\/\/themexicopost.com\/index.php?rest_route=%2Fwp%2Fv2%2Fcomments&post=70972"}],"version-history":[{"count":1,"href":"https:\/\/themexicopost.com\/index.php?rest_route=\/wp\/v2\/posts\/70972\/revisions"}],"predecessor-version":[{"id":70984,"href":"https:\/\/themexicopost.com\/index.php?rest_route=\/wp\/v2\/posts\/70972\/revisions\/70984"}],"wp:featuredmedia":[{"embeddable":true,"href":"https:\/\/themexicopost.com\/index.php?rest_route=\/wp\/v2\/media\/70979"}],"wp:attachment":[{"href":"https:\/\/themexicopost.com\/index.php?rest_route=%2Fwp%2Fv2%2Fmedia&parent=70972"}],"wp:term":[{"taxonomy":"category","embeddable":true,"href":"https:\/\/themexicopost.com\/index.php?rest_route=%2Fwp%2Fv2%2Fcategories&post=70972"},{"taxonomy":"post_tag","embeddable":true,"href":"https:\/\/themexicopost.com\/index.php?rest_route=%2Fwp%2Fv2%2Ftags&post=70972"}],"curies":[{"name":"wp","href":"https:\/\/api.w.org\/{rel}","templated":true}]}}