{"id":71682,"date":"2025-11-14T06:38:57","date_gmt":"2025-11-14T12:38:57","guid":{"rendered":"https:\/\/themexicopost.com\/?p=71682"},"modified":"2025-11-14T06:39:04","modified_gmt":"2025-11-14T12:39:04","slug":"garcia-harfuch-llega-a-uruapan-presenta-acciones-de-seguridad","status":"publish","type":"post","link":"https:\/\/themexicopost.com\/?p=71682","title":{"rendered":"Garc\u00eda Harfuch llega a Uruapan; presenta acciones de seguridad"},"content":{"rendered":"\n<figure class=\"wp-block-pullquote\"><blockquote><p>-Durante su visita, se reuni\u00f3 con la presidenta Grecia Quiroz, con quien se comprometi\u00f3 a reforzar la seguridad en la localidad.<\/p><\/blockquote><\/figure>\n\n\n\n<p class=\"has-drop-cap\">Despu\u00e9s de su visita a Morelia, Omar Garc\u00eda Harfuch, el secretario de Secretar\u00eda de Seguridad y Protecci\u00f3n Ciudadana, lleg\u00f3 a Uruapan, con el objetivo de revisar las acciones del Plan Michoac\u00e1n, as\u00ed como la estrategia conjunta para combatir la violencia en Tierra Caliente.<br><\/p>\n\n\n\n<p>Garc\u00eda Harfuch se\u00f1al\u00f3 que en Uruapan se reuni\u00f3 con la presidenta municipal, Grecia Quiroz, con quien se comprometi\u00f3 a reforzar la vigilancia y atender necesidades de la poblaci\u00f3n.<br><\/p>\n\n\n\n<p>Asegur\u00f3 que las visitas a Uruapan ser\u00e1n constantes, esto a casi dos semanas del asesinato de su alcalde, Carlos Manzo, v\u00edctima de un ataque a balazos el 2 de noviembre, presuntamente orquestado por el C\u00e1rtel Jalisco Nueva Generaci\u00f3n (CJNG).<br><\/p>\n\n\n\n<p>Adem\u00e1s del recorrido por la zona de Uruapan, Harfuch y las autoridades locales anunciaron una serie de acciones para que el Plan Michoac\u00e1n por la Paz y la Justicia se cumpla, y con ello reducir los \u00edndices de violencia.<br><\/p>\n\n\n\n<p>Tras la visita de Harfuch a Uruapan, as\u00ed como su reuni\u00f3n con Grecia Quiroz, esposa de Carlos Manzo y actual alcaldesa, se acord\u00f3 la implementaci\u00f3n de una estrategia regional, misma en la que se reforzar\u00e1 la seguridad, adem\u00e1s de que brindar\u00e1n capacitaci\u00f3n y equipamiento a polic\u00edas locales.<br><\/p>\n\n\n\n<p>Adem\u00e1s, en relaci\u00f3n con el tema de la violencia y extorsiones a limoneros y aguacateros, como pas\u00f3 recientemente con el asesinato de Bernardo Bravo, las autoridades informaron el despliegue de elementos del Ej\u00e9rcito y la Guardia Nacional en la zona para combatir las afectaciones al sector.<br><\/p>\n\n\n\n<p>Harfuch tambi\u00e9n destac\u00f3 la importancia de mantener la misi\u00f3n del Plan Michoac\u00e1n tras el asesinato de Carlos Manzo, as\u00ed como la coordinaci\u00f3n entre los tres niveles de Gobierno para garantizar buenos resultados contra la delincuencia, y en ese sentido destac\u00f3 la instrucci\u00f3n de la presidenta Claudia Sheinbaum para llevar a cabo las reuniones.<br><\/p>\n\n\n\n<p>En Uruapan tambi\u00e9n estuvo Ricardo Trevilla, titular de la Secretar\u00eda de la Defensa Nacional, quien asegur\u00f3 que el Ej\u00e9rcito tambi\u00e9n dar\u00e1 seguimiento al Plan Michoac\u00e1n en la zona, adem\u00e1s de que las reuniones de seguridad continuar\u00e1n en otros municipios de Michoac\u00e1n para fortalecer la coordinaci\u00f3n.<br><\/p>\n\n\n\n<p>Grecia Quiroz dio su voto de confianza al Plan Michoac\u00e1n, que adem\u00e1s cont\u00f3 con el visto bueno de la Fiscal\u00eda local, as\u00ed como de c\u00e1maras de empresarios y otras organizaciones.<\/p>\n","protected":false},"excerpt":{"rendered":"<p>-Durante su visita, se reuni\u00f3 con la presidenta Grecia Quiroz, con quien se comprometi\u00f3 a reforzar la seguridad en la localidad. Despu\u00e9s de su visita a Morelia, Omar Garc\u00eda Harfuch, el secretario de Secretar\u00eda de Seguridad y Protecci\u00f3n Ciudadana, lleg\u00f3 a Uruapan, con el objetivo de revisar las acciones del Plan Michoac\u00e1n, as\u00ed como la [&hellip;]<\/p>\n","protected":false},"author":1,"featured_media":71687,"comment_status":"closed","ping_status":"closed","sticky":false,"template":"","format":"standard","meta":{"footnotes":""},"categories":[83,81],"tags":[],"class_list":["post-71682","post","type-post","status-publish","format-standard","has-post-thumbnail","hentry","category-destacado","category-nacional"],"_links":{"self":[{"href":"https:\/\/themexicopost.com\/index.php?rest_route=\/wp\/v2\/posts\/71682","targetHints":{"allow":["GET"]}}],"collection":[{"href":"https:\/\/themexicopost.com\/index.php?rest_route=\/wp\/v2\/posts"}],"about":[{"href":"https:\/\/themexicopost.com\/index.php?rest_route=\/wp\/v2\/types\/post"}],"author":[{"embeddable":true,"href":"https:\/\/themexicopost.com\/index.php?rest_route=\/wp\/v2\/users\/1"}],"replies":[{"embeddable":true,"href":"https:\/\/themexicopost.com\/index.php?rest_route=%2Fwp%2Fv2%2Fcomments&post=71682"}],"version-history":[{"count":1,"href":"https:\/\/themexicopost.com\/index.php?rest_route=\/wp\/v2\/posts\/71682\/revisions"}],"predecessor-version":[{"id":71688,"href":"https:\/\/themexicopost.com\/index.php?rest_route=\/wp\/v2\/posts\/71682\/revisions\/71688"}],"wp:featuredmedia":[{"embeddable":true,"href":"https:\/\/themexicopost.com\/index.php?rest_route=\/wp\/v2\/media\/71687"}],"wp:attachment":[{"href":"https:\/\/themexicopost.com\/index.php?rest_route=%2Fwp%2Fv2%2Fmedia&parent=71682"}],"wp:term":[{"taxonomy":"category","embeddable":true,"href":"https:\/\/themexicopost.com\/index.php?rest_route=%2Fwp%2Fv2%2Fcategories&post=71682"},{"taxonomy":"post_tag","embeddable":true,"href":"https:\/\/themexicopost.com\/index.php?rest_route=%2Fwp%2Fv2%2Ftags&post=71682"}],"curies":[{"name":"wp","href":"https:\/\/api.w.org\/{rel}","templated":true}]}}