{"id":71686,"date":"2025-11-14T06:39:49","date_gmt":"2025-11-14T12:39:49","guid":{"rendered":"https:\/\/themexicopost.com\/?p=71686"},"modified":"2025-11-14T06:39:53","modified_gmt":"2025-11-14T12:39:53","slug":"nombra-rectora-paty-zarza-a-maria-elena-torres-jimenez-como-primera-presidenta-de-la-fundacion-uaemex","status":"publish","type":"post","link":"https:\/\/themexicopost.com\/?p=71686","title":{"rendered":"Nombra rectora Paty Zarza a Mar\u00eda Elena Torres Jim\u00e9nez como primera presidenta de la Fundaci\u00f3n UAEM\u00e9x"},"content":{"rendered":"\n<figure class=\"wp-block-pullquote\"><blockquote><p>-Mar\u00eda Elena Torres Jim\u00e9nez destaca por su actividad en las industrias qu\u00edmica y rob\u00f3tica, cuyo equipo de altruismo y generosidad, permitir\u00e1 dinamizar el apoyo, primordialmente, de la comunidad estudiantil._<\/p><\/blockquote><\/figure>\n\n\n\n<p class=\"has-drop-cap\">&#8220;Ustedes son el ejemplo de que la educaci\u00f3n transforma vidas y fortalece el desarrollo del pa\u00eds, por lo que en la Universidad Aut\u00f3noma del Estado de M\u00e9xico (UAEM\u00e9x) encontrar\u00e1n una instituci\u00f3n que trabaja para fortalecer la vinculaci\u00f3n con sectores estrat\u00e9gicos de nuestra entidad&#8221;, asever\u00f3 la rectora Martha Patricia Zarza Delgado, durante la Asamblea General de Asociados de la Fundaci\u00f3n de la Universidad Aut\u00f3noma del Estado de M\u00e9xico.<br><\/p>\n\n\n\n<p>Durante esta sesi\u00f3n, la rectora y presidenta honoraria de esta organizaci\u00f3n tom\u00f3 protesta y realiz\u00f3 entrega de nombramientos a integrantes del Consejo Directivo, Comisi\u00f3n de Vigilancia y nuevos asociados en n\u00famero.<br><\/p>\n\n\n\n<p>Acompa\u00f1ada de integrantes del gabinete universitario, Zarza Delgado coment\u00f3 que la Transformaci\u00f3n Universitaria implica poner en el centro a las personas que la integran para la construcci\u00f3n de una UAEM\u00e9x cercana, incluyente y progresista, raz\u00f3n por la cual el trabajo colaborativo con esta fundaci\u00f3n es un ejemplo de solidaridad y reconocimiento de los valores institucionales.<br><\/p>\n\n\n\n<p>Resalt\u00f3 que en esta nueva administraci\u00f3n, la Fundaci\u00f3n UAEM\u00e9x recibir\u00e1 a Mar\u00eda Elena Torres Jim\u00e9nez, su primera mujer presidenta, quien destaca por su actividad en las industrias qu\u00edmica y rob\u00f3tica, cuyo equipo de altruismo y generosidad, permitir\u00e1 dinamizar el apoyo, primordialmente, de la comunidad estudiantil.<br><\/p>\n\n\n\n<p>La rectora destac\u00f3 que con 55 espacios acad\u00e9micos y presencia en 26 municipios del Estado de M\u00e9xico, la M\u00e1xima Casa de Estudios mexiquense es la instituci\u00f3n de educaci\u00f3n p\u00fablica con mayor presencia e incidencia estatal, cuyo dinamismo se ve reflejado en una comunidad de cerca de 130 integrantes, por lo que les invit\u00f3 a confiar y renovar el sentido colaborativo por las juventudes auriverdes.<br><\/p>\n\n\n\n<p>Por su parte, Torres Jim\u00e9nez coment\u00f3 que ser parte de esta gran labor representa una enorme responsabilidad para continuar sirviendo a la comunidad universitaria y al pa\u00eds, pues durante 22 a\u00f1os la Fundaci\u00f3n UAEM\u00e9x ha sido un ejemplo de compromiso social, que ha brindado grandes oportunidades al estudiantado, dignificando su esfuerzo y trabajo diario.<br><\/p>\n\n\n\n<p>En este sentido, invit\u00f3 a las y los empresarios a sumarse a este legado, pues con voluntad, transparencia, empat\u00eda y trabajo en equipo, esta organizaci\u00f3n seguir\u00e1 siendo un ejemplo de emprendimiento, solidaridad y compromiso con la juventud mexiquense<\/p>\n","protected":false},"excerpt":{"rendered":"<p>-Mar\u00eda Elena Torres Jim\u00e9nez destaca por su actividad en las industrias qu\u00edmica y rob\u00f3tica, cuyo equipo de altruismo y generosidad, permitir\u00e1 dinamizar el apoyo, primordialmente, de la comunidad estudiantil._ &#8220;Ustedes son el ejemplo de que la educaci\u00f3n transforma vidas y fortalece el desarrollo del pa\u00eds, por lo que en la Universidad Aut\u00f3noma del Estado de [&hellip;]<\/p>\n","protected":false},"author":1,"featured_media":71690,"comment_status":"closed","ping_status":"closed","sticky":false,"template":"","format":"standard","meta":{"footnotes":""},"categories":[81],"tags":[],"class_list":["post-71686","post","type-post","status-publish","format-standard","has-post-thumbnail","hentry","category-nacional"],"_links":{"self":[{"href":"https:\/\/themexicopost.com\/index.php?rest_route=\/wp\/v2\/posts\/71686","targetHints":{"allow":["GET"]}}],"collection":[{"href":"https:\/\/themexicopost.com\/index.php?rest_route=\/wp\/v2\/posts"}],"about":[{"href":"https:\/\/themexicopost.com\/index.php?rest_route=\/wp\/v2\/types\/post"}],"author":[{"embeddable":true,"href":"https:\/\/themexicopost.com\/index.php?rest_route=\/wp\/v2\/users\/1"}],"replies":[{"embeddable":true,"href":"https:\/\/themexicopost.com\/index.php?rest_route=%2Fwp%2Fv2%2Fcomments&post=71686"}],"version-history":[{"count":1,"href":"https:\/\/themexicopost.com\/index.php?rest_route=\/wp\/v2\/posts\/71686\/revisions"}],"predecessor-version":[{"id":71691,"href":"https:\/\/themexicopost.com\/index.php?rest_route=\/wp\/v2\/posts\/71686\/revisions\/71691"}],"wp:featuredmedia":[{"embeddable":true,"href":"https:\/\/themexicopost.com\/index.php?rest_route=\/wp\/v2\/media\/71690"}],"wp:attachment":[{"href":"https:\/\/themexicopost.com\/index.php?rest_route=%2Fwp%2Fv2%2Fmedia&parent=71686"}],"wp:term":[{"taxonomy":"category","embeddable":true,"href":"https:\/\/themexicopost.com\/index.php?rest_route=%2Fwp%2Fv2%2Fcategories&post=71686"},{"taxonomy":"post_tag","embeddable":true,"href":"https:\/\/themexicopost.com\/index.php?rest_route=%2Fwp%2Fv2%2Ftags&post=71686"}],"curies":[{"name":"wp","href":"https:\/\/api.w.org\/{rel}","templated":true}]}}