{"id":71692,"date":"2025-11-14T06:43:47","date_gmt":"2025-11-14T12:43:47","guid":{"rendered":"https:\/\/themexicopost.com\/?p=71692"},"modified":"2025-11-14T06:43:49","modified_gmt":"2025-11-14T12:43:49","slug":"inauguran-claudia-sheinbaum-y-delfina-gomez-obras-de-infraestructura-en-tecamac-y-zumpango","status":"publish","type":"post","link":"https:\/\/themexicopost.com\/?p=71692","title":{"rendered":"Inauguran Claudia Sheinbaum y Delfina G\u00f3mez obras de infraestructura en Tec\u00e1mac y Zumpango"},"content":{"rendered":"\n<figure class=\"wp-block-pullquote\"><blockquote><p>-Ambas mandatarias se\u00f1alaron la importancia de fortalecer la salud y la educaci\u00f3n en el Estado de M\u00e9xico mediante diferentes obras.<\/p><\/blockquote><\/figure>\n\n\n\n<p class=\"has-drop-cap\">En una jornada que refrenda el compromiso de la Cuarta Transformaci\u00f3n con el bienestar social, la Presidenta Claudia Sheinbaum Pardo y la Gobernadora del Estado de M\u00e9xico, Delfina G\u00f3mez \u00c1lvarez, encabezaron la inauguraci\u00f3n de dos nuevas Cl\u00ednicas de Medicina Familiar del ISSSTE en Tec\u00e1mac, as\u00ed como la rehabilitaci\u00f3n del Centro de Estudios de Bachillerato 9\/16 en Zumpango.<br><\/p>\n\n\n\n<p>Con el objetivo de fortalecer la infraestructura en salud y garantizar atenci\u00f3n digna a m\u00e1s de 100 mil derechohabientes en la zona nororiente del Estado de M\u00e9xico, fueron puestas en operaci\u00f3n las cl\u00ednicas \u201cJuana Bel\u00e9n Guti\u00e9rrez Ch\u00e1vez\u201d y \u201cH\u00e9roes Tec\u00e1mac\u201d.<br><\/p>\n\n\n\n<p>Ambas unidades, donadas por el municipio, cuentan con: 10 consultorios de medicina general y 10 de especialidades, 20 camas censables y tres quir\u00f3fanos y servicios de oftalmolog\u00eda, psicolog\u00eda, planificaci\u00f3n familiar, farmacia, laboratorio cl\u00ednico y sala de expulsi\u00f3n<br><\/p>\n\n\n\n<p>La presidenta Sheinbaum subray\u00f3 que estas acciones son posibles gracias al fin de los seguros privados para funcionarios p\u00fablicos desde 2018, lo que permiti\u00f3 redirigir recursos al ISSSTE. \u201cHoy defendemos los derechos del pueblo y fortalecemos las instituciones p\u00fablicas de salud\u201d, afirm\u00f3.<br><\/p>\n\n\n\n<p>Por su parte, la Gobernadora Delfina G\u00f3mez destac\u00f3 que \u201cla salud no solo es la ausencia de enfermedad, sino un derecho humano que debemos proteger y fortalecer\u201d.<br><\/p>\n\n\n\n<figure class=\"wp-block-image size-large\"><img fetchpriority=\"high\" decoding=\"async\" width=\"1024\" height=\"684\" src=\"https:\/\/themexicopost.com\/wp-content\/uploads\/2025\/11\/9claudia-3-1024x684.jpg\" alt=\"\" class=\"wp-image-71697\" srcset=\"https:\/\/themexicopost.com\/wp-content\/uploads\/2025\/11\/9claudia-3-1024x684.jpg 1024w, https:\/\/themexicopost.com\/wp-content\/uploads\/2025\/11\/9claudia-3-300x201.jpg 300w, https:\/\/themexicopost.com\/wp-content\/uploads\/2025\/11\/9claudia-3-768x513.jpg 768w, https:\/\/themexicopost.com\/wp-content\/uploads\/2025\/11\/9claudia-3.jpg 1200w\" sizes=\"(max-width: 1024px) 100vw, 1024px\" \/><\/figure>\n\n\n\n<p>A\u00f1adi\u00f3 que el convenio con el gobierno municipal de Tec\u00e1mac es ejemplo de c\u00f3mo la coordinaci\u00f3n entre los tres \u00f3rdenes de gobierno da resultados concretos.<br><\/p>\n\n\n\n<p>Ese mismo d\u00eda, en Zumpango, Sheinbaum y G\u00f3mez inauguraron la reconversi\u00f3n del Centro de Estudios de Bachillerato 9\/16, habilitado en las instalaciones de la Secundaria Oficial No. 1067 \u201cDiego Rivera\u201d. Con una inversi\u00f3n superior a 26 millones de pesos, el plantel cuenta con dos nuevos edificios, equipo did\u00e1ctico, tecnolog\u00eda y laboratorios especializados.<br><\/p>\n\n\n\n<p>La obra forma parte del Nuevo Bachillerato Nacional, que busca crear 37 mil nuevos espacios este a\u00f1o y 100 mil durante el sexenio. \u201cEs un sue\u00f1o hecho realidad que garantiza que las y los j\u00f3venes estudien cerca de casa\u201d, expres\u00f3 la presidenta.<br><\/p>\n\n\n\n<p>La Gobernadora Delfina G\u00f3mez agradeci\u00f3 el respaldo federal y destac\u00f3 que la transformaci\u00f3n en el Edom\u00e9x tambi\u00e9n se refleja en movilidad, salud, apoyo al campo y a los artesanos. \u201cNos sentimos muy contentos porque la educaci\u00f3n es una prioridad compartida\u201d, dijo.<br><\/p>\n\n\n\n<p>El titular de la SEP, Mario Delgado, reiter\u00f3 que la educaci\u00f3n es un derecho, no un privilegio, y anunci\u00f3 m\u00e1s reconversiones de secundarias a preparatorias en municipios como Chalco, Ecatepec, Ixtapaluca, Nezahualc\u00f3yotl y Texcoco.<\/p>\n","protected":false},"excerpt":{"rendered":"<p>-Ambas mandatarias se\u00f1alaron la importancia de fortalecer la salud y la educaci\u00f3n en el Estado de M\u00e9xico mediante diferentes obras. En una jornada que refrenda el compromiso de la Cuarta Transformaci\u00f3n con el bienestar social, la Presidenta Claudia Sheinbaum Pardo y la Gobernadora del Estado de M\u00e9xico, Delfina G\u00f3mez \u00c1lvarez, encabezaron la inauguraci\u00f3n de dos [&hellip;]<\/p>\n","protected":false},"author":1,"featured_media":71696,"comment_status":"closed","ping_status":"closed","sticky":false,"template":"","format":"standard","meta":{"footnotes":""},"categories":[83,81],"tags":[],"class_list":["post-71692","post","type-post","status-publish","format-standard","has-post-thumbnail","hentry","category-destacado","category-nacional"],"_links":{"self":[{"href":"https:\/\/themexicopost.com\/index.php?rest_route=\/wp\/v2\/posts\/71692","targetHints":{"allow":["GET"]}}],"collection":[{"href":"https:\/\/themexicopost.com\/index.php?rest_route=\/wp\/v2\/posts"}],"about":[{"href":"https:\/\/themexicopost.com\/index.php?rest_route=\/wp\/v2\/types\/post"}],"author":[{"embeddable":true,"href":"https:\/\/themexicopost.com\/index.php?rest_route=\/wp\/v2\/users\/1"}],"replies":[{"embeddable":true,"href":"https:\/\/themexicopost.com\/index.php?rest_route=%2Fwp%2Fv2%2Fcomments&post=71692"}],"version-history":[{"count":1,"href":"https:\/\/themexicopost.com\/index.php?rest_route=\/wp\/v2\/posts\/71692\/revisions"}],"predecessor-version":[{"id":71698,"href":"https:\/\/themexicopost.com\/index.php?rest_route=\/wp\/v2\/posts\/71692\/revisions\/71698"}],"wp:featuredmedia":[{"embeddable":true,"href":"https:\/\/themexicopost.com\/index.php?rest_route=\/wp\/v2\/media\/71696"}],"wp:attachment":[{"href":"https:\/\/themexicopost.com\/index.php?rest_route=%2Fwp%2Fv2%2Fmedia&parent=71692"}],"wp:term":[{"taxonomy":"category","embeddable":true,"href":"https:\/\/themexicopost.com\/index.php?rest_route=%2Fwp%2Fv2%2Fcategories&post=71692"},{"taxonomy":"post_tag","embeddable":true,"href":"https:\/\/themexicopost.com\/index.php?rest_route=%2Fwp%2Fv2%2Ftags&post=71692"}],"curies":[{"name":"wp","href":"https:\/\/api.w.org\/{rel}","templated":true}]}}