{"id":71729,"date":"2025-11-14T06:58:23","date_gmt":"2025-11-14T12:58:23","guid":{"rendered":"https:\/\/themexicopost.com\/?p=71729"},"modified":"2025-11-14T06:58:24","modified_gmt":"2025-11-14T12:58:24","slug":"matices-importantes-en-relacion-bilateral","status":"publish","type":"post","link":"https:\/\/themexicopost.com\/?p=71729","title":{"rendered":"MATICES IMPORTANTES EN RELACI\u00d3N BILATERAL"},"content":{"rendered":"\n<figure class=\"wp-block-pullquote\"><blockquote><p><strong>Por: Jos\u00e9 Fonseca<\/strong><\/p><\/blockquote><\/figure>\n\n\n\n<p class=\"has-drop-cap\">Se ha difundido otra vez el diagn\u00f3stico de Marco Rubio sobre la seguridad en M\u00e9xico: \u201chay \u00e1reas del pa\u00eds que francamente son dirigidas por estos c\u00e1rteles, m\u00e1s poderosos que las polic\u00edas locales e incluso las fuerzas nacionales, lo que es una grave amenaza a la estabilidad de la parte norte del continente americano\u201d.<br><\/p>\n\n\n\n<p>\u201cAunque son clasificados como terroristas, no vamos a tomar medidas unilaterales ni a enviar fuerzas estadunidenses a M\u00e9xico. Sabemos que el Gobierno mexicano no desea intervenci\u00f3n y respetamos su soberan\u00eda\u201d, agreg\u00f3.<br><\/p>\n\n\n\n<p>Y remat\u00f3: \u201cno habr\u00e1 intervenci\u00f3n dentro del territorio mexicano, sin solicitud del mismo\u201d. Seguro muchos nervios se sosegaron y dej\u00f3 sin argumentos a los ultras, de aqu\u00ed y de all\u00e1.<br><\/p>\n\n\n\n<p>Como escogieron a gobernadores morenistas<br><\/p>\n\n\n\n<p>Por razones muy personales, el gobernador de Sinaloa, Rub\u00e9n Rocha Moya, decidi\u00f3 que su pecho no es bodega y cont\u00f3 c\u00f3mo lo impuso el expresidente Andr\u00e9s Manuel L\u00f3pez Obrador, contra el consenso de dos encuestas entre los militantes sinaloenses de Morena.<br><\/p>\n\n\n\n<p>Narr\u00f3 que Ricardo Monreal le notific\u00f3 de las encuestas adversas y que, al present\u00e1rselas al expresidente, este le pregunt\u00f3 al zacatecano: \u00bfc\u00f3mo es posible que no quieran a Rub\u00e9n Rocha?<br><\/p>\n\n\n\n<p>Y decidi\u00f3 que, pese a todo, Rocha ser\u00eda el candidato. \u00bfCu\u00e1ntas candidaturas a gobernador impuso a Morena el expresidente L\u00f3pez Obrador? Saberlo explicar\u00eda muchas cosas.<br><\/p>\n\n\n\n<p>El rol empresarial, seg\u00fan el r\u00e9gimen<br><\/p>\n\n\n\n<p>El Consejo Coordinador Empresarial ha designado por consenso como su presidente a Eduardo Medina Mora, quien ha dicho que el CCE dejar\u00e1 de ser gestor de audiencias.<br><\/p>\n\n\n\n<p>Quiz\u00e1 eso explique la clara reconsideraci\u00f3n de la pol\u00edtica estatista del nuevo r\u00e9gimen pol\u00edtico que implica la declaraci\u00f3n de la subsecretaria de Hacienda, Mar\u00eda del Carmen Bonilla.<br><\/p>\n\n\n\n<p>Dijo la funcionaria: \u201cEl desarrollo no puede depender solo del gasto p\u00fablico\u201d. Clara invitaci\u00f3n a dialogar con la iniciativa privada sobre su rol en el nuevo r\u00e9gimen.<\/p>\n","protected":false},"excerpt":{"rendered":"<p>Por: Jos\u00e9 Fonseca Se ha difundido otra vez el diagn\u00f3stico de Marco Rubio sobre la seguridad en M\u00e9xico: \u201chay \u00e1reas del pa\u00eds que francamente son dirigidas por estos c\u00e1rteles, m\u00e1s poderosos que las polic\u00edas locales e incluso las fuerzas nacionales, lo que es una grave amenaza a la estabilidad de la parte norte del continente [&hellip;]<\/p>\n","protected":false},"author":1,"featured_media":71733,"comment_status":"closed","ping_status":"closed","sticky":false,"template":"","format":"standard","meta":{"footnotes":""},"categories":[84],"tags":[],"class_list":["post-71729","post","type-post","status-publish","format-standard","has-post-thumbnail","hentry","category-editorial"],"_links":{"self":[{"href":"https:\/\/themexicopost.com\/index.php?rest_route=\/wp\/v2\/posts\/71729","targetHints":{"allow":["GET"]}}],"collection":[{"href":"https:\/\/themexicopost.com\/index.php?rest_route=\/wp\/v2\/posts"}],"about":[{"href":"https:\/\/themexicopost.com\/index.php?rest_route=\/wp\/v2\/types\/post"}],"author":[{"embeddable":true,"href":"https:\/\/themexicopost.com\/index.php?rest_route=\/wp\/v2\/users\/1"}],"replies":[{"embeddable":true,"href":"https:\/\/themexicopost.com\/index.php?rest_route=%2Fwp%2Fv2%2Fcomments&post=71729"}],"version-history":[{"count":1,"href":"https:\/\/themexicopost.com\/index.php?rest_route=\/wp\/v2\/posts\/71729\/revisions"}],"predecessor-version":[{"id":71734,"href":"https:\/\/themexicopost.com\/index.php?rest_route=\/wp\/v2\/posts\/71729\/revisions\/71734"}],"wp:featuredmedia":[{"embeddable":true,"href":"https:\/\/themexicopost.com\/index.php?rest_route=\/wp\/v2\/media\/71733"}],"wp:attachment":[{"href":"https:\/\/themexicopost.com\/index.php?rest_route=%2Fwp%2Fv2%2Fmedia&parent=71729"}],"wp:term":[{"taxonomy":"category","embeddable":true,"href":"https:\/\/themexicopost.com\/index.php?rest_route=%2Fwp%2Fv2%2Fcategories&post=71729"},{"taxonomy":"post_tag","embeddable":true,"href":"https:\/\/themexicopost.com\/index.php?rest_route=%2Fwp%2Fv2%2Ftags&post=71729"}],"curies":[{"name":"wp","href":"https:\/\/api.w.org\/{rel}","templated":true}]}}