{"id":71738,"date":"2025-11-14T07:01:38","date_gmt":"2025-11-14T13:01:38","guid":{"rendered":"https:\/\/themexicopost.com\/?p=71738"},"modified":"2025-11-14T07:01:44","modified_gmt":"2025-11-14T13:01:44","slug":"macron-promete-que-hara-impedir-nuevos-atentados-terroristas","status":"publish","type":"post","link":"https:\/\/themexicopost.com\/?p=71738","title":{"rendered":"Macron promete que har\u00e1 &#8220;impedir&#8221; nuevos atentados terroristas"},"content":{"rendered":"\n<figure class=\"wp-block-pullquote\"><blockquote><p>-Francia record\u00f3 a las 132 v\u00edctimas de los ataques perpetrados por yihadistas en terrazas, bares y una sala de conciertos en Par\u00eds hace 10 a\u00f1os.<\/p><\/blockquote><\/figure>\n\n\n\n<p class=\"has-drop-cap\">El presidente franc\u00e9s Emmanuel Macron, asegur\u00f3 que Francia har\u00e1 todo para impedir nuevos atentados terroristas, justo cuando se cumple una d\u00e9cada de los ataques del 13 de noviembre de 2015, que se cobraron las vidas de 132 personas y dejaron centenares de heridos en Par\u00eds.<br><\/p>\n\n\n\n<p>En el acto final de homenaje a las v\u00edctimas, Macron record\u00f3 que en los \u00faltimos diez a\u00f1os se desbarataron 85 atentados, seis de ellos este 2025.<br><\/p>\n\n\n\n<p>&#8220;No han sido v\u00edctimas de una abstracci\u00f3n vaga, han sido asesinados por terroristas con una ideolog\u00eda islamista identificada, activa, con zonas de influencia&#8221;. Ese yihadismo lo hemos intentado sofocar, pero \u00e9l ha renacido de una forma m\u00e1s imprevisible, insidiosa, m\u00e1s dif\u00edcil de detectar, alert\u00f3.<br><\/p>\n\n\n\n<p>Macron se\u00f1al\u00f3 a Medio Oriente, Asia Central y el cuerno de \u00c1frica como \u00e1reas en las que esa nueva forma de yihadismo est\u00e1 renaciendo. &#8220;La vigilancia es permanente en cada uno de esos lugares&#8221;, asever\u00f3.<br><\/p>\n\n\n\n<p>Para Macron, Francia se ha fortificado desde hace 10 a\u00f1os, con medidas sin precedentes adoptadas desde 2015, como el endurecimiento de los controles fronterizos, los cierres de ciertos lugares de culto y programas de erradicaci\u00f3n de discursos radicales que eviten a ciertas personas de pasar al acto terrorista.<\/p>\n","protected":false},"excerpt":{"rendered":"<p>-Francia record\u00f3 a las 132 v\u00edctimas de los ataques perpetrados por yihadistas en terrazas, bares y una sala de conciertos en Par\u00eds hace 10 a\u00f1os. El presidente franc\u00e9s Emmanuel Macron, asegur\u00f3 que Francia har\u00e1 todo para impedir nuevos atentados terroristas, justo cuando se cumple una d\u00e9cada de los ataques del 13 de noviembre de 2015, [&hellip;]<\/p>\n","protected":false},"author":1,"featured_media":71742,"comment_status":"closed","ping_status":"closed","sticky":false,"template":"","format":"standard","meta":{"footnotes":""},"categories":[83,80,85],"tags":[],"class_list":["post-71738","post","type-post","status-publish","format-standard","has-post-thumbnail","hentry","category-destacado","category-mundo","category-portada"],"_links":{"self":[{"href":"https:\/\/themexicopost.com\/index.php?rest_route=\/wp\/v2\/posts\/71738","targetHints":{"allow":["GET"]}}],"collection":[{"href":"https:\/\/themexicopost.com\/index.php?rest_route=\/wp\/v2\/posts"}],"about":[{"href":"https:\/\/themexicopost.com\/index.php?rest_route=\/wp\/v2\/types\/post"}],"author":[{"embeddable":true,"href":"https:\/\/themexicopost.com\/index.php?rest_route=\/wp\/v2\/users\/1"}],"replies":[{"embeddable":true,"href":"https:\/\/themexicopost.com\/index.php?rest_route=%2Fwp%2Fv2%2Fcomments&post=71738"}],"version-history":[{"count":1,"href":"https:\/\/themexicopost.com\/index.php?rest_route=\/wp\/v2\/posts\/71738\/revisions"}],"predecessor-version":[{"id":71743,"href":"https:\/\/themexicopost.com\/index.php?rest_route=\/wp\/v2\/posts\/71738\/revisions\/71743"}],"wp:featuredmedia":[{"embeddable":true,"href":"https:\/\/themexicopost.com\/index.php?rest_route=\/wp\/v2\/media\/71742"}],"wp:attachment":[{"href":"https:\/\/themexicopost.com\/index.php?rest_route=%2Fwp%2Fv2%2Fmedia&parent=71738"}],"wp:term":[{"taxonomy":"category","embeddable":true,"href":"https:\/\/themexicopost.com\/index.php?rest_route=%2Fwp%2Fv2%2Fcategories&post=71738"},{"taxonomy":"post_tag","embeddable":true,"href":"https:\/\/themexicopost.com\/index.php?rest_route=%2Fwp%2Fv2%2Ftags&post=71738"}],"curies":[{"name":"wp","href":"https:\/\/api.w.org\/{rel}","templated":true}]}}