{"id":71741,"date":"2025-11-14T07:05:48","date_gmt":"2025-11-14T13:05:48","guid":{"rendered":"https:\/\/themexicopost.com\/?p=71741"},"modified":"2025-11-14T07:05:51","modified_gmt":"2025-11-14T13:05:51","slug":"anuncia-estados-unidos-la-operacion-lanza-del-sur-en-contra-del-narcoterrorismo-en-latinoamerica","status":"publish","type":"post","link":"https:\/\/themexicopost.com\/?p=71741","title":{"rendered":"ANUNCIA ESTADOS UNIDOS LA OPERACI\u00d3N &#8220;LANZA DEL SUR&#8221; EN CONTRA DEL NARCOTERRORISMO EN LATINOAM\u00c9RICA"},"content":{"rendered":"\n<figure class=\"wp-block-pullquote\"><blockquote><p>-El anuncio fue realizado por el secretario de Guerra, Pete Hegseth, a pocos d\u00edas de la llegada del portaaviones USS Gerald Ford al Caribe.<\/p><\/blockquote><\/figure>\n\n\n\n<p class=\"has-drop-cap\">El secretario de Guerra de Estados Unidos, Pete Hegseth, anunci\u00f3 la operaci\u00f3n militar \u201cSouthern Spear\u201d (Lanza del sur), est\u00e1 relacionada con la lucha de Washington contra el narcotr\u00e1fico originado en Latinoam\u00e9rica y que se presenta en un momento marcado por la creciente presi\u00f3n del gobierno de Donald Trump sobre Venezuela.<br><\/p>\n\n\n\n<p>Fue mediante un mensaje en la red social X, donde Hegseth no dio detalles concretos sobre el operativo, solo inform\u00f3 que este operativo estar\u00e1 liderado por un grupo de trabajo conjunto espec\u00edfico y el Comando Sur, que comprende las operaciones militares estadounidenses en Suram\u00e9rica, Centroam\u00e9rica y el Caribe.<br><\/p>\n\n\n\n<figure class=\"wp-block-image size-large\"><img fetchpriority=\"high\" decoding=\"async\" width=\"1024\" height=\"684\" src=\"https:\/\/themexicopost.com\/wp-content\/uploads\/2025\/11\/anuncia-6-1024x684.jpg\" alt=\"\" class=\"wp-image-71746\" srcset=\"https:\/\/themexicopost.com\/wp-content\/uploads\/2025\/11\/anuncia-6-1024x684.jpg 1024w, https:\/\/themexicopost.com\/wp-content\/uploads\/2025\/11\/anuncia-6-300x201.jpg 300w, https:\/\/themexicopost.com\/wp-content\/uploads\/2025\/11\/anuncia-6-768x513.jpg 768w, https:\/\/themexicopost.com\/wp-content\/uploads\/2025\/11\/anuncia-6.jpg 1200w\" sizes=\"(max-width: 1024px) 100vw, 1024px\" \/><\/figure>\n\n\n\n<p>Aunque no lo especifica, se da entender que el nombre &#8220;Lanza del sur&#8221; podr\u00eda englobar el nutrido despliegue militar que EE.UU. mantiene en el Caribe, frente a la costa venezolana.<br><\/p>\n\n\n\n<p>El anuncio de Hegseth llega pocos d\u00edas despu\u00e9s de la llegada al sur del Caribe del portaaviones m\u00e1s grande y sofisticado de Estados Unidos, el USS Gerald Ford, y su grupo de ataque, que se unen as\u00ed al despliegue de destructores o buques de desembarco anfibio que Washington mantiene en la zona desde mediados de agosto.<br><\/p>\n\n\n\n<figure class=\"wp-block-image size-large\"><img decoding=\"async\" width=\"1024\" height=\"684\" src=\"https:\/\/themexicopost.com\/wp-content\/uploads\/2025\/11\/anuncia-3-1024x684.jpg\" alt=\"\" class=\"wp-image-71747\" srcset=\"https:\/\/themexicopost.com\/wp-content\/uploads\/2025\/11\/anuncia-3-1024x684.jpg 1024w, https:\/\/themexicopost.com\/wp-content\/uploads\/2025\/11\/anuncia-3-300x201.jpg 300w, https:\/\/themexicopost.com\/wp-content\/uploads\/2025\/11\/anuncia-3-768x513.jpg 768w, https:\/\/themexicopost.com\/wp-content\/uploads\/2025\/11\/anuncia-3.jpg 1200w\" sizes=\"(max-width: 1024px) 100vw, 1024px\" \/><\/figure>\n\n\n\n<p>Este despliegue militar ha ido emparejado con amenazas al presidente venezolano Nicol\u00e1s Maduro, al que la Casa Blanca tacha de ileg\u00edtimo, y con la destrucci\u00f3n sumaria llevada a cabo por el Pent\u00e1gono de una veintena de lanchas en aguas del Caribe y del Pac\u00edfico que ha matado a unos 70 de sus ocupantes, que Washington asegura que son barcos que transportan fentanilo a EE.UU..<br><\/p>\n\n\n\n<p>\u201cEl presidente Trump orden\u00f3 actuar, y el Departamento de Guerra est\u00e1 cumpliendo\u201d, dijo Hegseth en su mensaje.<br><\/p>\n\n\n\n<figure class=\"wp-block-image size-large\"><img decoding=\"async\" width=\"1024\" height=\"684\" src=\"https:\/\/themexicopost.com\/wp-content\/uploads\/2025\/11\/anuncia-2-1024x684.jpg\" alt=\"\" class=\"wp-image-71748\" srcset=\"https:\/\/themexicopost.com\/wp-content\/uploads\/2025\/11\/anuncia-2-1024x684.jpg 1024w, https:\/\/themexicopost.com\/wp-content\/uploads\/2025\/11\/anuncia-2-300x201.jpg 300w, https:\/\/themexicopost.com\/wp-content\/uploads\/2025\/11\/anuncia-2-768x513.jpg 768w, https:\/\/themexicopost.com\/wp-content\/uploads\/2025\/11\/anuncia-2.jpg 1200w\" sizes=\"(max-width: 1024px) 100vw, 1024px\" \/><\/figure>\n\n\n\n<p>Asimismo, dijo que esta misi\u00f3n defiende nuestra patria, expulsa a los narcoterroristas de nuestro hemisferio y protege a nuestra patria de las drogas que est\u00e1n matando a nuestra gente.<br><\/p>\n\n\n\n<p>\u201cEl hemisferio occidental es la vecindad de Estados Unidos, y la protegeremos\u201d, concluye el mensaje.<\/p>\n\n\n\n<figure class=\"wp-block-image size-large\"><img loading=\"lazy\" decoding=\"async\" width=\"1024\" height=\"684\" src=\"https:\/\/themexicopost.com\/wp-content\/uploads\/2025\/11\/anuncia-4-1024x684.jpg\" alt=\"\" class=\"wp-image-71749\" srcset=\"https:\/\/themexicopost.com\/wp-content\/uploads\/2025\/11\/anuncia-4-1024x684.jpg 1024w, https:\/\/themexicopost.com\/wp-content\/uploads\/2025\/11\/anuncia-4-300x201.jpg 300w, https:\/\/themexicopost.com\/wp-content\/uploads\/2025\/11\/anuncia-4-768x513.jpg 768w, https:\/\/themexicopost.com\/wp-content\/uploads\/2025\/11\/anuncia-4.jpg 1200w\" sizes=\"(max-width: 1024px) 100vw, 1024px\" \/><\/figure>\n","protected":false},"excerpt":{"rendered":"<p>-El anuncio fue realizado por el secretario de Guerra, Pete Hegseth, a pocos d\u00edas de la llegada del portaaviones USS Gerald Ford al Caribe.<\/p>\n","protected":false},"author":1,"featured_media":71745,"comment_status":"closed","ping_status":"closed","sticky":false,"template":"","format":"standard","meta":{"footnotes":""},"categories":[83,80,85],"tags":[],"class_list":["post-71741","post","type-post","status-publish","format-standard","has-post-thumbnail","hentry","category-destacado","category-mundo","category-portada"],"_links":{"self":[{"href":"https:\/\/themexicopost.com\/index.php?rest_route=\/wp\/v2\/posts\/71741","targetHints":{"allow":["GET"]}}],"collection":[{"href":"https:\/\/themexicopost.com\/index.php?rest_route=\/wp\/v2\/posts"}],"about":[{"href":"https:\/\/themexicopost.com\/index.php?rest_route=\/wp\/v2\/types\/post"}],"author":[{"embeddable":true,"href":"https:\/\/themexicopost.com\/index.php?rest_route=\/wp\/v2\/users\/1"}],"replies":[{"embeddable":true,"href":"https:\/\/themexicopost.com\/index.php?rest_route=%2Fwp%2Fv2%2Fcomments&post=71741"}],"version-history":[{"count":1,"href":"https:\/\/themexicopost.com\/index.php?rest_route=\/wp\/v2\/posts\/71741\/revisions"}],"predecessor-version":[{"id":71750,"href":"https:\/\/themexicopost.com\/index.php?rest_route=\/wp\/v2\/posts\/71741\/revisions\/71750"}],"wp:featuredmedia":[{"embeddable":true,"href":"https:\/\/themexicopost.com\/index.php?rest_route=\/wp\/v2\/media\/71745"}],"wp:attachment":[{"href":"https:\/\/themexicopost.com\/index.php?rest_route=%2Fwp%2Fv2%2Fmedia&parent=71741"}],"wp:term":[{"taxonomy":"category","embeddable":true,"href":"https:\/\/themexicopost.com\/index.php?rest_route=%2Fwp%2Fv2%2Fcategories&post=71741"},{"taxonomy":"post_tag","embeddable":true,"href":"https:\/\/themexicopost.com\/index.php?rest_route=%2Fwp%2Fv2%2Ftags&post=71741"}],"curies":[{"name":"wp","href":"https:\/\/api.w.org\/{rel}","templated":true}]}}