{"id":71758,"date":"2025-11-18T08:39:44","date_gmt":"2025-11-18T14:39:44","guid":{"rendered":"https:\/\/themexicopost.com\/?p=71758"},"modified":"2025-11-18T08:39:46","modified_gmt":"2025-11-18T14:39:46","slug":"exigen-fiscales-de-la-cpi-cadena-perpetua-para-el-asesino-del-hacha-de-una-milicia-de-darfur-sudan","status":"publish","type":"post","link":"https:\/\/themexicopost.com\/?p=71758","title":{"rendered":"Exigen fiscales de la CPI cadena perpetua para el &#8220;asesino del hacha&#8221; de una milicia de Darfur, Sud\u00e1n"},"content":{"rendered":"\n<figure class=\"wp-block-pullquote\"><blockquote><p>Los abogados del acusado tienen previsto presentar sus puntos de vista sobre la sentencia esta semana.<\/p><\/blockquote><\/figure>\n\n\n\n<p class=\"has-drop-cap\">Los fiscales pidieron cadena perpetua para un l\u00edder de la milicia Janjaweed condenado por atrocidades en la regi\u00f3n sudanesa de Darfur, y declararon ante la Corte Penal Internacional que era culpable de delitos que van desde el asesinato y la tortura hasta atrocidades masivas.<br><\/p>\n\n\n\n<p>&#8220;Tienen ante ustedes, literalmente, a un asesino con un hacha&#8221;, dijo el fiscal Julian Nicholls en una vista especial convocada para determinar la condena de Ali Muhamad Ali Abd-al-Rahman, tambi\u00e9n conocido como Ali Kushayb.<br><\/p>\n\n\n\n<p>Nicholls dijo que Kushayb, de 76 a\u00f1os, hab\u00eda utilizado en un momento dado un hacha para matar a dos personas y lo describi\u00f3 como un autor entusiasta, en\u00e9rgico y eficaz de los abusos perpetrados en la regi\u00f3n de Darfur hace m\u00e1s de 20 a\u00f1os.<br><\/p>\n\n\n\n<p>Su condena en octubre por 27 cargos de cr\u00edmenes de guerra y cr\u00edmenes contra la humanidad, entre ellos asesinato, tortura y orquestaci\u00f3n de violaciones y otras atrocidades por parte de la milicia, es el primer procesamiento con \u00e9xito del tribunal relacionado con el conflicto.<br><\/p>\n\n\n\n<p>Los abogados del acusado, que en un momento dado aleg\u00f3 que no era Kushayb y que hab\u00eda sido v\u00edctima de un error de identidad, tienen previsto presentar sus puntos de vista sobre la sentencia esta semana.<br><\/p>\n\n\n\n<p>En los documentos presentados ante el tribunal, la defensa pide un m\u00e1ximo de siete a\u00f1os de prisi\u00f3n, con deducci\u00f3n del tiempo cumplido, lo que podr\u00eda suponer su puesta en libertad dentro de unos meses.<br><\/p>\n\n\n\n<p>El conflicto de Darfur estall\u00f3 por primera vez en 2003, cuando rebeldes, en su mayor\u00eda no \u00e1rabes, se alzaron en armas contra el Gobierno de Sud\u00e1n acus\u00e1ndolo de marginar al remoto territorio occidental.<br><\/p>\n\n\n\n<p>El entonces Gobierno sudan\u00e9s moviliz\u00f3 milicias mayoritariamente \u00e1rabes, conocidas como Janjaweed, para aplastar la revuelta, desatando una ola de violencia que, seg\u00fan Estados Unidos y grupos de derechos humanos, equival\u00eda a un genocidio.<br><\/p>\n\n\n\n<p>En 2005, el Consejo de Seguridad de las Naciones Unidas remiti\u00f3 el caso a la CPI, un tribunal con sede en La Haya creado para juzgar los peores cr\u00edmenes cuando fracasan los tribunales locales.<br><\/p>\n\n\n\n<p>En 2023 estallaron nuevos combates en todo Sud\u00e1n entre el ej\u00e9rcito sudan\u00e9s y las Fuerzas de Apoyo R\u00e1pido (RSF), milicias paramilitares consideradas sucesoras de las Janjaweed.<\/p>\n","protected":false},"excerpt":{"rendered":"<p>Los abogados del acusado tienen previsto presentar sus puntos de vista sobre la sentencia esta semana. Los fiscales pidieron cadena perpetua para un l\u00edder de la milicia Janjaweed condenado por atrocidades en la regi\u00f3n sudanesa de Darfur, y declararon ante la Corte Penal Internacional que era culpable de delitos que van desde el asesinato y [&hellip;]<\/p>\n","protected":false},"author":1,"featured_media":71802,"comment_status":"closed","ping_status":"closed","sticky":false,"template":"","format":"standard","meta":{"footnotes":""},"categories":[83,80],"tags":[],"class_list":["post-71758","post","type-post","status-publish","format-standard","has-post-thumbnail","hentry","category-destacado","category-mundo"],"_links":{"self":[{"href":"https:\/\/themexicopost.com\/index.php?rest_route=\/wp\/v2\/posts\/71758","targetHints":{"allow":["GET"]}}],"collection":[{"href":"https:\/\/themexicopost.com\/index.php?rest_route=\/wp\/v2\/posts"}],"about":[{"href":"https:\/\/themexicopost.com\/index.php?rest_route=\/wp\/v2\/types\/post"}],"author":[{"embeddable":true,"href":"https:\/\/themexicopost.com\/index.php?rest_route=\/wp\/v2\/users\/1"}],"replies":[{"embeddable":true,"href":"https:\/\/themexicopost.com\/index.php?rest_route=%2Fwp%2Fv2%2Fcomments&post=71758"}],"version-history":[{"count":1,"href":"https:\/\/themexicopost.com\/index.php?rest_route=\/wp\/v2\/posts\/71758\/revisions"}],"predecessor-version":[{"id":71803,"href":"https:\/\/themexicopost.com\/index.php?rest_route=\/wp\/v2\/posts\/71758\/revisions\/71803"}],"wp:featuredmedia":[{"embeddable":true,"href":"https:\/\/themexicopost.com\/index.php?rest_route=\/wp\/v2\/media\/71802"}],"wp:attachment":[{"href":"https:\/\/themexicopost.com\/index.php?rest_route=%2Fwp%2Fv2%2Fmedia&parent=71758"}],"wp:term":[{"taxonomy":"category","embeddable":true,"href":"https:\/\/themexicopost.com\/index.php?rest_route=%2Fwp%2Fv2%2Fcategories&post=71758"},{"taxonomy":"post_tag","embeddable":true,"href":"https:\/\/themexicopost.com\/index.php?rest_route=%2Fwp%2Fv2%2Ftags&post=71758"}],"curies":[{"name":"wp","href":"https:\/\/api.w.org\/{rel}","templated":true}]}}