{"id":71797,"date":"2025-11-18T08:37:52","date_gmt":"2025-11-18T14:37:52","guid":{"rendered":"https:\/\/themexicopost.com\/?p=71797"},"modified":"2025-11-18T08:58:05","modified_gmt":"2025-11-18T14:58:05","slug":"estados-unidos-no-esta-listo-para-una-presidenta-michelle-obama","status":"publish","type":"post","link":"https:\/\/themexicopost.com\/?p=71797","title":{"rendered":"Estados Unidos no est\u00e1 listo para una presidenta: Michelle Obama"},"content":{"rendered":"\n<figure class=\"wp-block-pullquote\"><blockquote><p>&#8220;Todav\u00eda hay, tristemente, un mont\u00f3n de hombres que no sienten que podr\u00edan ser liderados por una mujer&#8221;, afirm\u00f3.<\/p><\/blockquote><\/figure>\n\n\n\n<p class=\"has-drop-cap\">La ex primera dama Michelle Obama asegur\u00f3 que Estados Unidos \u201cno est\u00e1 listo\u201d para una presidenta, al reafirmar que ella no buscar\u00e1 esta posici\u00f3n y que \u201cmuchos hombres\u201d no est\u00e1n c\u00f3modos con el liderazgo femenino.<br><\/p>\n\n\n\n<p>\u201cComo vimos en la pasada elecci\u00f3n, tristemente, no estamos listos. Por ello estoy como: ni siquiera me miren sobre competir porque todos ustedes est\u00e1n mintiendo. No est\u00e1n listos para una mujer. No lo est\u00e1n. As\u00ed que no me desperdicien mi tiempo\u201d, declar\u00f3 Obama en un evento de promoci\u00f3n de su nuevo libro \u2018The Look\u2019.<br><\/p>\n\n\n\n<p>La esposa del expresidente Barack Obama (2009-2017) consider\u00f3 que las personas en Estados Unidos \u201ctienen mucho por crecer\u201d sobre la idea de tener una mujer como jefa de Estado.<br><\/p>\n\n\n\n<p>Todav\u00eda hay, tristemente, un mont\u00f3n de hombres que no sienten que podr\u00edan ser liderados por una mujer, y lo vimos\u201d, expres\u00f3 en una entrevista promocional con la actriz Tracee Ellis Ross en Nueva York.<br><\/p>\n\n\n\n<p>Quiero decir, pienso que todav\u00eda tenemos que crecer en ese aspecto, y podemos ver c\u00f3mo se puede progresar y las cosas pueden arrebatarse cuando se trata de tomar nuestro poder como mujeres.<br><\/p>\n\n\n\n<p>Michelle Obama lideraba algunas encuestas de opini\u00f3n para ser la candidata presidencial dem\u00f3crata en 2024, cuando el entonces presidente Joe Biden (2021-2025) sopesaba retirarse de la contienda, pero la exprimera dama y su marido apoyaron a Kamala Harris, quien era la vicepresidenta.<br><\/p>\n\n\n\n<p>En un mitin, la exprimera dama defini\u00f3 al entonces candidato republicano y ahora presidente, Donald Trump, como un \u201criesgo\u201d, en especial para las mujeres, y m\u00e1s tarde \u00e9l la llam\u00f3 \u201casquerosa\u201d.<br><\/p>\n\n\n\n<p>La tambi\u00e9n autora asegur\u00f3 en octubre a la revista People que casi una d\u00e9cada despu\u00e9s de haber salido de la Casa Blanca est\u00e1 en su mejor momento.<br><\/p>\n\n\n\n<p>En su discusi\u00f3n con Tracee Ellis Ross, Obama opin\u00f3 que no est\u00e1 de acuerdo con la idea que una primera dama debe ser el \u201carquetipo de una esposa y de la feminidad\u201d.<\/p>\n","protected":false},"excerpt":{"rendered":"<p>&#8220;Todav\u00eda hay, tristemente, un mont\u00f3n de hombres que no sienten que podr\u00edan ser liderados por una mujer&#8221;, afirm\u00f3. La ex primera dama Michelle Obama asegur\u00f3 que Estados Unidos \u201cno est\u00e1 listo\u201d para una presidenta, al reafirmar que ella no buscar\u00e1 esta posici\u00f3n y que \u201cmuchos hombres\u201d no est\u00e1n c\u00f3modos con el liderazgo femenino. \u201cComo vimos [&hellip;]<\/p>\n","protected":false},"author":1,"featured_media":71805,"comment_status":"closed","ping_status":"closed","sticky":false,"template":"","format":"standard","meta":{"footnotes":""},"categories":[80],"tags":[],"class_list":["post-71797","post","type-post","status-publish","format-standard","has-post-thumbnail","hentry","category-mundo"],"_links":{"self":[{"href":"https:\/\/themexicopost.com\/index.php?rest_route=\/wp\/v2\/posts\/71797","targetHints":{"allow":["GET"]}}],"collection":[{"href":"https:\/\/themexicopost.com\/index.php?rest_route=\/wp\/v2\/posts"}],"about":[{"href":"https:\/\/themexicopost.com\/index.php?rest_route=\/wp\/v2\/types\/post"}],"author":[{"embeddable":true,"href":"https:\/\/themexicopost.com\/index.php?rest_route=\/wp\/v2\/users\/1"}],"replies":[{"embeddable":true,"href":"https:\/\/themexicopost.com\/index.php?rest_route=%2Fwp%2Fv2%2Fcomments&post=71797"}],"version-history":[{"count":2,"href":"https:\/\/themexicopost.com\/index.php?rest_route=\/wp\/v2\/posts\/71797\/revisions"}],"predecessor-version":[{"id":71801,"href":"https:\/\/themexicopost.com\/index.php?rest_route=\/wp\/v2\/posts\/71797\/revisions\/71801"}],"wp:featuredmedia":[{"embeddable":true,"href":"https:\/\/themexicopost.com\/index.php?rest_route=\/wp\/v2\/media\/71805"}],"wp:attachment":[{"href":"https:\/\/themexicopost.com\/index.php?rest_route=%2Fwp%2Fv2%2Fmedia&parent=71797"}],"wp:term":[{"taxonomy":"category","embeddable":true,"href":"https:\/\/themexicopost.com\/index.php?rest_route=%2Fwp%2Fv2%2Fcategories&post=71797"},{"taxonomy":"post_tag","embeddable":true,"href":"https:\/\/themexicopost.com\/index.php?rest_route=%2Fwp%2Fv2%2Ftags&post=71797"}],"curies":[{"name":"wp","href":"https:\/\/api.w.org\/{rel}","templated":true}]}}